{"id":17040,"date":"2025-07-11T15:00:31","date_gmt":"2025-07-11T13:00:31","guid":{"rendered":"https:\/\/serbenidorm.daliisolutions.com\/index.php\/2025\/07\/11\/la-desalinizadora-de-benidorm-un-poco-mas-cerca-el-pleno-aprobara-la-cesion-de-suelo-para-su-construccion\/"},"modified":"2025-07-11T15:00:31","modified_gmt":"2025-07-11T13:00:31","slug":"la-desalinizadora-de-benidorm-un-poco-mas-cerca-el-pleno-aprobara-la-cesion-de-suelo-para-su-construccion","status":"publish","type":"post","link":"https:\/\/serbenidorm.daliisolutions.com\/index.php\/2025\/07\/11\/la-desalinizadora-de-benidorm-un-poco-mas-cerca-el-pleno-aprobara-la-cesion-de-suelo-para-su-construccion\/","title":{"rendered":"La desalinizadora de Benidorm un poco m\u00e1s cerca: el pleno aprobar\u00e1 la cesi\u00f3n de suelo para su construcci\u00f3n"},"content":{"rendered":" <p>El Ayuntamiento de Benidorm aprobar\u00e1 en el pr\u00f3ximo pleno municipal la cesi\u00f3n gratuita del suelo sobre el que se construir\u00e1 la futura planta desalinizadora de la ciudad. As\u00ed lo ha anunciado este jueves el alcalde, Toni P\u00e9rez, durante la inauguraci\u00f3n de la jornada t\u00e9cnica \u2018Seguridad h\u00eddrica para la Marina Baja. Alicante\u2019, organizada por la Universidad de Alicante y la Diputaci\u00f3n en el edificio El Torrej\u00f3.<\/p>  <p>El convenio, que ser\u00e1 dictaminado el lunes en comisiones informativas, se firmar\u00e1 con el Consorcio de Aguas de la Marina Baixa, entidad que prev\u00e9 iniciar la licitaci\u00f3n del proyecto antes de que acabe el a\u00f1o. Seg\u00fan la planificaci\u00f3n prevista, la planta entrar\u00e1 en funcionamiento en 2028.<\/p>  <p>El alcalde ha detallado que el Ayuntamiento \u201caporta el suelo y los emisarios\u201d y que la infraestructura se levantar\u00e1 en una parcela de 7.000 metros cuadrados donde se ubica la antigua desalinizadora de la Sociedad de Proyectos para la Transformaci\u00f3n Digital S.A. El dise\u00f1o contemplar\u00e1 una producci\u00f3n inicial de 3 hect\u00f3metros c\u00fabicos anuales, ampliables a 6 en una segunda fase, y se analizar\u00e1 el posible aprovechamiento de las conducciones marinas existentes.<\/p>  <p>Toni P\u00e9rez ha subrayado la necesidad urgente de contar con \u201cinfraestructuras estrat\u00e9gicas\u201d para garantizar la seguridad h\u00eddrica de la comarca. \u201cEl modelo tur\u00edstico, la estructura urbana y la actividad agraria no pueden permitirse riesgos de escasez\u201d, ha recalcado el primer edil, quien ha apostado por una \u201cplanificaci\u00f3n comarcal\u201d, interconexiones y una gesti\u00f3n estructural del recurso.<\/p>  <p>Durante su intervenci\u00f3n, ha elogiado el papel del Consorcio de Aguas, Hidraqua, la Universidad de Alicante, la Diputaci\u00f3n de Alicante y la Generalitat. Del primero ha destacado su \u201cgesti\u00f3n estrat\u00e9gica\u201d como \u201ceje vertebrador del equilibrio h\u00eddrico, econ\u00f3mico y ambiental\u201d. De Dinapsis e Hidraqua ha resaltado su capacidad para \u201cco-crear soluciones junto a administraciones, universidades y start-ups\u201d.<\/p>  <p>Tambi\u00e9n ha puesto en valor los esfuerzos conjuntos con la UA en digitalizaci\u00f3n del ciclo del agua y el apoyo econ\u00f3mico de la Diputaci\u00f3n a trav\u00e9s de subvenciones y cofinanciaci\u00f3n de obras. Sobre la Generalitat ha recordado el reciente convenio de inversi\u00f3n de 14,5 millones de euros para mejorar la EDAR y las estaciones de bombeo.<\/p>  <p>P\u00e9rez ha vuelto a poner como ejemplo el modelo de gesti\u00f3n h\u00eddrica de Benidorm, con una eficiencia del 95% frente al 70% de la media nacional. Un modelo que, seg\u00fan ha explicado, se basa en una gesti\u00f3n integral que abarca captaci\u00f3n, distribuci\u00f3n, tratamiento, reutilizaci\u00f3n e innovaci\u00f3n. En este sentido, ha destacado que el 36% del agua reutilizada se destina a riego y limpieza urbana gracias al Plan Director de Agua Regenerada y a una red espec\u00edfica en constante desarrollo.<\/p>  <p>\u201cSabemos que las reservas son limitadas y que vamos hacia una dependencia externa en los aportes. Por eso trabajamos en la reutilizaci\u00f3n de aguas regeneradas, la digitalizaci\u00f3n y la colaboraci\u00f3n entre ayuntamientos\u201d, ha concluido el alcalde.<\/p>  <p>La jornada t\u00e9cnica ha contado con una mesa de debate en la que han intervenido Vicente Mayor, director de Ingenier\u00eda del Ayuntamiento de Benidorm; Ciriaco Clemente y Cristina Baixauli, representantes de Hidraqua; Jaume Berenguer, del Consorcio de Aguas; Miguel Fern\u00e1ndez Mejuto, de la Diputaci\u00f3n de Alicante; y Andr\u00e9s Molina, director del Instituto del Agua de la UA. Todos ellos han coincidido en la importancia de avanzar en la reutilizaci\u00f3n, digitalizaci\u00f3n y gesti\u00f3n eficiente para garantizar el futuro h\u00eddrico de la Marina Baixa.<\/p>  <p><\/p>  <p><\/p>  <p><\/p>  <p><\/p> ","protected":false},"excerpt":{"rendered":"<p>Se espera poder licitar la obra este a\u00f1o y que la planta entre en funcionamiento en 2028<\/p>\n","protected":false},"author":0,"featured_media":17041,"comment_status":"open","ping_status":"open","sticky":false,"template":"","format":"standard","meta":{"_acf_changed":false,"footnotes":""},"categories":[1],"tags":[],"class_list":["post-17040","post","type-post","status-publish","format-standard","has-post-thumbnail","hentry","category-sin-categoria"],"acf":{"ser_id":"BS3MEB5QLJAMDHXYM5ACYTIFUQ","ser_url":"https:\/\/cadenaser.com\/comunitat-valenciana\/2025\/07\/11\/la-desalinizadora-de-benidorm-un-poco-mas-cerca-el-pleno-aprobara-la-cesion-de-suelo-para-su-construccion-radio-benidorm\/"},"_links":{"self":[{"href":"https:\/\/serbenidorm.daliisolutions.com\/index.php\/wp-json\/wp\/v2\/posts\/17040","targetHints":{"allow":["GET"]}}],"collection":[{"href":"https:\/\/serbenidorm.daliisolutions.com\/index.php\/wp-json\/wp\/v2\/posts"}],"about":[{"href":"https:\/\/serbenidorm.daliisolutions.com\/index.php\/wp-json\/wp\/v2\/types\/post"}],"replies":[{"embeddable":true,"href":"https:\/\/serbenidorm.daliisolutions.com\/index.php\/wp-json\/wp\/v2\/comments?post=17040"}],"version-history":[{"count":0,"href":"https:\/\/serbenidorm.daliisolutions.com\/index.php\/wp-json\/wp\/v2\/posts\/17040\/revisions"}],"wp:featuredmedia":[{"embeddable":true,"href":"https:\/\/serbenidorm.daliisolutions.com\/index.php\/wp-json\/wp\/v2\/media\/17041"}],"wp:attachment":[{"href":"https:\/\/serbenidorm.daliisolutions.com\/index.php\/wp-json\/wp\/v2\/media?parent=17040"}],"wp:term":[{"taxonomy":"category","embeddable":true,"href":"https:\/\/serbenidorm.daliisolutions.com\/index.php\/wp-json\/wp\/v2\/categories?post=17040"},{"taxonomy":"post_tag","embeddable":true,"href":"https:\/\/serbenidorm.daliisolutions.com\/index.php\/wp-json\/wp\/v2\/tags?post=17040"}],"curies":[{"name":"wp","href":"https:\/\/api.w.org\/{rel}","templated":true}]}}