{"id":17042,"date":"2025-07-11T15:00:32","date_gmt":"2025-07-11T13:00:32","guid":{"rendered":"https:\/\/serbenidorm.daliisolutions.com\/index.php\/2025\/07\/11\/la-nucia-homenajea-a-miquel-guardiola-dando-su-nombre-a-la-biblioteca-municipal\/"},"modified":"2025-07-11T15:00:32","modified_gmt":"2025-07-11T13:00:32","slug":"la-nucia-homenajea-a-miquel-guardiola-dando-su-nombre-a-la-biblioteca-municipal","status":"publish","type":"post","link":"https:\/\/serbenidorm.daliisolutions.com\/index.php\/2025\/07\/11\/la-nucia-homenajea-a-miquel-guardiola-dando-su-nombre-a-la-biblioteca-municipal\/","title":{"rendered":"La Nuc\u00eda homenajea a Miquel Guardiola dando su nombre a la Biblioteca Municipal"},"content":{"rendered":" <p>La Nuc\u00eda homenaje\u00f3 a su cronista municipal Miquel Guardiola Fuster, recientemente fallecido, dando su nombre a la Biblioteca Municipal. Fue un acto emotivo en el que participaron sus hijos y nietos, <a href=\"https:\/\/cadenaser.com\/radio-benidorm\/\" target=\"_blank\" rel=\"nofollow\" title=\"https:\/\/cadenaser.com\/radio-benidorm\/\">quienes descubrieron la placa con su nombre en l\u2019Auditori de La Nuc\u00eda<\/a>, donde se encuentra la Biblioteca Municipal. <\/p>  <p>El acto se celebr\u00f3 ayer 9 de julio coincidiendo con el Dia de La Nucia, en el 320 aniversario de la fundaci\u00f3n del pueblo, una de las efem\u00e9rides que Miquel Guardiola puso en valor y ayud\u00f3 a difundir gracias a su trabajo e investigaci\u00f3n. En el acto intervinieron Pedro Lloret, concejal de Cultura y Bernab\u00e9 Cano, alcalde de La Nuc\u00eda, quienes destacaron \u201cla gran labor realizada por el cronista municipal Miquel Guardiola y el gran legado hist\u00f3rico y cultural que dej\u00f3 al pueblo de La Nuc\u00eda\u201d.<\/p>  <p>En nombre de la familia intervino su hijo Miguel Guardiola Devesa qui\u00e9n agradeci\u00f3 emocionado al Ayuntamiento y al pueblo de La Nuc\u00eda, el homenaje a su padre: \u201cHa sido precioso, que tenemos que decir es un orgullo que el Ayuntamiento y el pueblo de La Nuc\u00eda hagan este homenaje y gran detalle\u201d <\/p>  <p>Durante su trayectoria, public\u00f3 un total de 13 libros, la mayor\u00eda editados por el Ayuntamiento de La Nuc\u00eda. <a href=\"https:\/\/cadenaser.com\/radio-benidorm\/\" target=\"_blank\" rel=\"nofollow\" title=\"https:\/\/cadenaser.com\/radio-benidorm\/\">Su obra se centra en la historia local, las tradiciones y la vida social de La Nuc\u00eda<\/a>, abordando temas como la emigraci\u00f3n, la m\u00fasica, la pol\u00edtica, la religi\u00f3n y la cultura popular. <\/p>  <p><b>Su \u00faltimo legado: \u201cHimne de La Nuc\u00eda\u201d<\/b><\/p>  <p>El \u00faltimo legado de Miguel Guardiola Fuster fue el \u201cHimne de La Nucia\u201d, que fue estrenado el 9 de julio de 2022, en el 317 aniversario de la fundaci\u00f3n de La Nuc\u00eda, en un concierto de la Uni\u00f3 Musical de La Nuc\u00eda.<\/p> ","protected":false},"excerpt":{"rendered":"<p>En la inauguraci\u00f3n se encontraba su familia que descubri\u00f3 la placa con su nombre <\/p>\n","protected":false},"author":0,"featured_media":17043,"comment_status":"open","ping_status":"open","sticky":false,"template":"","format":"standard","meta":{"_acf_changed":false,"footnotes":""},"categories":[1],"tags":[],"class_list":["post-17042","post","type-post","status-publish","format-standard","has-post-thumbnail","hentry","category-sin-categoria"],"acf":{"ser_id":"QUUBULPWB5GMPAQPVXBZYKWI5M","ser_url":"https:\/\/cadenaser.com\/comunitat-valenciana\/2025\/07\/11\/la-nucia-homenajea-a-miquel-guardiola-dando-su-nombre-a-la-biblioteca-municipal-radio-benidorm\/"},"_links":{"self":[{"href":"https:\/\/serbenidorm.daliisolutions.com\/index.php\/wp-json\/wp\/v2\/posts\/17042","targetHints":{"allow":["GET"]}}],"collection":[{"href":"https:\/\/serbenidorm.daliisolutions.com\/index.php\/wp-json\/wp\/v2\/posts"}],"about":[{"href":"https:\/\/serbenidorm.daliisolutions.com\/index.php\/wp-json\/wp\/v2\/types\/post"}],"replies":[{"embeddable":true,"href":"https:\/\/serbenidorm.daliisolutions.com\/index.php\/wp-json\/wp\/v2\/comments?post=17042"}],"version-history":[{"count":0,"href":"https:\/\/serbenidorm.daliisolutions.com\/index.php\/wp-json\/wp\/v2\/posts\/17042\/revisions"}],"wp:featuredmedia":[{"embeddable":true,"href":"https:\/\/serbenidorm.daliisolutions.com\/index.php\/wp-json\/wp\/v2\/media\/17043"}],"wp:attachment":[{"href":"https:\/\/serbenidorm.daliisolutions.com\/index.php\/wp-json\/wp\/v2\/media?parent=17042"}],"wp:term":[{"taxonomy":"category","embeddable":true,"href":"https:\/\/serbenidorm.daliisolutions.com\/index.php\/wp-json\/wp\/v2\/categories?post=17042"},{"taxonomy":"post_tag","embeddable":true,"href":"https:\/\/serbenidorm.daliisolutions.com\/index.php\/wp-json\/wp\/v2\/tags?post=17042"}],"curies":[{"name":"wp","href":"https:\/\/api.w.org\/{rel}","templated":true}]}}