{"id":1706,"date":"2024-01-25T07:08:00","date_gmt":"2024-01-25T06:08:00","guid":{"rendered":"https:\/\/serbenidorm.daliisolutions.com\/index.php\/2024\/01\/25\/la-vila-gastronomica-en-fitur-2024\/"},"modified":"2024-01-25T07:08:00","modified_gmt":"2024-01-25T06:08:00","slug":"la-vila-gastronomica-en-fitur-2024","status":"publish","type":"post","link":"https:\/\/serbenidorm.daliisolutions.com\/index.php\/2024\/01\/25\/la-vila-gastronomica-en-fitur-2024\/","title":{"rendered":"La Vila Gastron\u00f3mica en Fitur 2024"},"content":{"rendered":"  <p>La Vila Joiosa<\/p>   <p>Este mi\u00e9rcoles ha arrancado la <a href=\"https:\/\/cadenaser.com\/tag\/fitur_feria_internacional_turismo_espana\/a\/\" target=\"_blank\" rel=\"noopener\">44\u00aa edici\u00f3n de la Feria Internacional de Turismo, Fitur, en IFEMA (Madrid)<\/a>, donde el alcalde de La Vila Joiosa Marcos Zaragoza ha asistido al acto de inauguraci\u00f3n del certamen presidido por los Reyes de Espa\u00f1a.<\/p>   <p>\u201c<a href=\"https:\/\/cadenaser.com\/tag\/vila_joiosa\/a\/\" target=\"_blank\" rel=\"noopener\">La Vila es alegr\u00eda, es sabor, es mar, es color, es historia y es, en definitiva, el mejor destino para disfrutar en cualquier momento del a\u00f1o y queremos conquistar a los profesionales del sector y a los turistas con todos nuestros productos tur\u00edsticos con el fin de desestacionalizar la demanda del municipio<\/a>\u201d, ha expuesto Zaragoza.<\/p>   <p>La Vila Gastron\u00f3mica es un certamen de actividades que organiza el Ayuntamiento con la colaboraci\u00f3n del sector hostelero y chocolatero.  Este a\u00f1o redise\u00f1a su programaci\u00f3n y su proyecci\u00f3n al incorporarse, adem\u00e1s, a la marca L\u2019Exquisit Mediterrani que promueve Turisme Comunitat Valenciana.<\/p>  <p><p>M\u00e1s informaci\u00f3n<\/p><figure><img decoding=\"async\" src=\"https:\/\/cadenaser.com\/resizer\/qMl_26t0f0zfJXgFdSS_Ubly7K4=\/650x366\/filters:quality(70)\/cloudfront-eu-central-1.images.arcpublishing.com\/prisaradio\/NOZFRAFGMDZVUMQVPHWS63HH7I.jpg\" loading=\"lazy\" width=\"828\" height=\"621\" \/><\/figure><ul><li><a href=\"https:\/\/cadenaser.com\/audio\/1706078220399\/\">Arranca Fitur con r\u00e9cord en la industria del turismo de visitantes y de ingresos<\/a><\/li><\/ul><\/p>   <p>Los visitantes al stand de la Costa Blanca podr\u00e1n conocer el calendario gastron\u00f3mico, que arrancar\u00e1 en marzo con la Mostra de Cuina Marinera y finalizar\u00e1 en noviembre con la Xocolat\u00edssima.<\/p>   <p>Stand de la Costa Blanca<\/p>   <p>En esta edici\u00f3n de Fitur la concejal\u00eda de Turismo dispone de una informadora tur\u00edstica en el mostrador del stand de Turismo Costa Blanca, con el fin de ofrecer informaci\u00f3n detallada de los reclamos tur\u00edsticos del municipio, entre los que destaca la gastronom\u00eda, el patrimonio hist\u00f3rico, los eventos deportivos internacionales, las 13 playas y calas, el sendero azul de la Colada de Costa y las fiestas de Moros y Cristianos, hasta el domingo 28 de enero.<\/p>   <p>Entre las diferentes citas de la primera jornada, el primer edil tambi\u00e9n ha visitado el stand de Algeciras para reunirse con su hom\u00f3logo en la ciudad andaluza Jos\u00e9 Ignacio Landaluce, con quien firm\u00f3 el acta de hermanamiento de ambas ciudades el pasado mes de septiembre.<\/p>   <p>Este 2024 participan en Fitur m\u00e1s de 9.000 organizaciones que representan a 152 pa\u00edses. Se estima que acudan alrededor de 250.000 personas, entre ellas, unos 150.000 profesionales del sector tur\u00edstico y 100.000 asistentes de p\u00fablico general.<\/p> ","protected":false},"excerpt":{"rendered":"<p>El alcalde Marcos Zaragoza ha defendido la visi\u00f3n de conjunto de toda la Marina Baixa como \u00abuna gran urbe\u00bb<\/p>\n","protected":false},"author":0,"featured_media":1707,"comment_status":"open","ping_status":"open","sticky":false,"template":"","format":"standard","meta":{"_acf_changed":false,"footnotes":""},"categories":[1],"tags":[],"class_list":["post-1706","post","type-post","status-publish","format-standard","has-post-thumbnail","hentry","category-sin-categoria"],"acf":{"ser_id":"2GMXK2SAAZAB7OCOITVYFGWUOM","ser_url":"https:\/\/cadenaser.com\/comunitat-valenciana\/2024\/01\/24\/la-vila-gastronomica-en-fitur-2024-radio-benidorm\/"},"_links":{"self":[{"href":"https:\/\/serbenidorm.daliisolutions.com\/index.php\/wp-json\/wp\/v2\/posts\/1706","targetHints":{"allow":["GET"]}}],"collection":[{"href":"https:\/\/serbenidorm.daliisolutions.com\/index.php\/wp-json\/wp\/v2\/posts"}],"about":[{"href":"https:\/\/serbenidorm.daliisolutions.com\/index.php\/wp-json\/wp\/v2\/types\/post"}],"replies":[{"embeddable":true,"href":"https:\/\/serbenidorm.daliisolutions.com\/index.php\/wp-json\/wp\/v2\/comments?post=1706"}],"version-history":[{"count":0,"href":"https:\/\/serbenidorm.daliisolutions.com\/index.php\/wp-json\/wp\/v2\/posts\/1706\/revisions"}],"wp:featuredmedia":[{"embeddable":true,"href":"https:\/\/serbenidorm.daliisolutions.com\/index.php\/wp-json\/wp\/v2\/media\/1707"}],"wp:attachment":[{"href":"https:\/\/serbenidorm.daliisolutions.com\/index.php\/wp-json\/wp\/v2\/media?parent=1706"}],"wp:term":[{"taxonomy":"category","embeddable":true,"href":"https:\/\/serbenidorm.daliisolutions.com\/index.php\/wp-json\/wp\/v2\/categories?post=1706"},{"taxonomy":"post_tag","embeddable":true,"href":"https:\/\/serbenidorm.daliisolutions.com\/index.php\/wp-json\/wp\/v2\/tags?post=1706"}],"curies":[{"name":"wp","href":"https:\/\/api.w.org\/{rel}","templated":true}]}}