{"id":17078,"date":"2025-07-13T18:32:19","date_gmt":"2025-07-13T16:32:19","guid":{"rendered":"https:\/\/serbenidorm.daliisolutions.com\/index.php\/2025\/07\/13\/el-cortometraje-el-princep-de-alex-sarda-faro-de-plata-del-37-festival-de-cine-de-lalfas-del-pi\/"},"modified":"2025-07-13T18:32:19","modified_gmt":"2025-07-13T16:32:19","slug":"el-cortometraje-el-princep-de-alex-sarda-faro-de-plata-del-37-festival-de-cine-de-lalfas-del-pi","status":"publish","type":"post","link":"https:\/\/serbenidorm.daliisolutions.com\/index.php\/2025\/07\/13\/el-cortometraje-el-princep-de-alex-sarda-faro-de-plata-del-37-festival-de-cine-de-lalfas-del-pi\/","title":{"rendered":"El cortometraje &#8216;El pr\u00edncep&#8217; de \u00c0lex Sard\u00e0, Faro de Plata del 37 Festival de Cine de l&#8217;Alf\u00e0s del Pi"},"content":{"rendered":" <p>El cortometraje &#8216;El pr\u00edncep&#8217;, escrito y dirigido por \u00c0lex Sard\u00e0, ha sido galardonado con el Faro de Plata y los 4.000 euros del Primer Premio del Concurso de Cortometrajes del 37 Festival de Cine de l&#8217;Alf\u00e0s del Pi. El fallo del jurado se hizo p\u00fablico la noche de este s\u00e1bado durante la gala de clausura, celebrada en la Casa de Cultura y presentada por la actriz y guionista Marta Gonz\u00e1lez de Vega, quien condujo con \u00abhumor y dinamismo\u00bb una velada \u00abcargada de emoci\u00f3n\u00bb.<\/p>  <p>En &#8216;El pr\u00edncep&#8217;, Sard\u00e0 narra el conflicto interno de Artur, un joven bailar\u00edn de clase alta que debe decidir entre mantener el silencio ante un esc\u00e1ndalo de corrupci\u00f3n que afecta a su padre o renunciar a los privilegios que lo rodean. El galard\u00f3n fue recogido en su nombre por la actriz y c\u00f3mica Coria Castillo, de manos de la alcaldesa en funciones de l&#8217;Alf\u00e0s, Mayte Garc\u00eda, mientras el director, ausente por motivos de trabajo, agradec\u00eda el premio con un v\u00eddeo, seg\u00fan ha indicado el Ayuntamiento de la localidad en un comunicado.<\/p>  <p>El segundo premio, dotado con 2.000 euros, fue para &#8216;C\u00f3lera&#8217;, de Jos\u00e9 Luis L\u00e1zaro, una \u00abintensa historia\u00bb sobre un encuentro violento y hom\u00f3fobo tras un aparente incidente trivial. El director recogi\u00f3 el galard\u00f3n de manos del concejal de Cultura del municipio, Manuel Casado. Adem\u00e1s, los actores Manuel Canchal y Jorge Motos recibieron &#8216;ex aequo&#8217; el Premio al Mejor Actor por sus interpretaciones en este mismo cortometraje. La entrega del premio, que fue recibido por el director en representaci\u00f3n de los ganadores, estuvo a cargo de la actriz, escritora y creadora de contenido Martina D&#8217;Antioquia, junto al actor Rodrigo Gibaja.<\/p>  <p>El tercer premio, con una dotaci\u00f3n de 1.000 euros, fue para &#8216;La Fuerza&#8217;, de las hermanas Cristina y Mar\u00eda Jos\u00e9 Mart\u00edn Barcelona, una obra que explora el concepto del bien y el mal a trav\u00e9s de una charla escolar tras ver &#8216;La Guerra de las Galaxias&#8217;. El colorista del corto, \u00d3scar P\u00e9rez, recogi\u00f3 el premio en su nombre de manos del director de Ciudad de la Luz, Ferm\u00edn Crespo.<\/p>  <p>Por primera vez, el Festival entreg\u00f3 el Premio al Mejor Corto de Animaci\u00f3n, que recay\u00f3 en &#8216;Cuando llegue la inundaci\u00f3n&#8217;, de Antonio Lomas. El Premio al Mejor Corto Valenciano, con una dotaci\u00f3n de 1.000 euros, fue para &#8217;13 Gatos&#8217;, de David Gaspar, una \u00aboriginal dramedia\u00bb sobre trauma y evasi\u00f3n emocional con tintes felinos. El galard\u00f3n al Mejor Cortometraje con Perspectiva de G\u00e9nero, entregado por la asociaci\u00f3n Huellas de Mujer en colaboraci\u00f3n con JUNO Media, fue para &#8216;Sexo a los 70&#8217;, dirigido por Vanesa Romero. Este premio, dotado con 500 euros, incluye una pieza artesanal dise\u00f1ada por la ceramista Lola Juan.<\/p>  <p>Por otra parte, Olivia Delc\u00e1n fue reconocida con el Premio a la Mejor Actriz por su interpretaci\u00f3n en &#8216;El cuento de una noche de verano&#8217;. Debido a compromisos laborales, no pudo asistir a la ceremonia, pero expres\u00f3 su agradecimiento a trav\u00e9s de un v\u00eddeo. En su nombre, recogi\u00f3 el galard\u00f3n el c\u00f3mico y mago Miguel Miguel. El Premio a la Mejor Direcci\u00f3n fue para Simone Sojo por &#8216;Las Pardas&#8217;, mientras que el Premio al Mejor Gui\u00f3n recay\u00f3 en Bel\u00e9n S\u00e1nchez Ar\u00e9valo y Javier Marco por &#8216;Insalvable&#8217; y el de Mejor Fotograf\u00eda, en Nuria Gasc\u00f3n por &#8216;Nens&#8217;, que no pudo venir y envi\u00f3 un v\u00eddeo de agradecimiento.<\/p>  <p>Por tercer a\u00f1o, el Festival ha lanzado, en colaboraci\u00f3n con la concejal\u00eda de Juventud, el concurso &#8216;Tu m\u00f3vil de cine&#8217;, dotado con 300 euros, que gan\u00f3 el corto &#8216;Contratiempo&#8217;, dirigido por \u00c1lvaro Checa y protagonizado por Omar del Valle. La actriz y guionista Marta Gonz\u00e1lez de Vega present\u00f3 \u00abcon maestr\u00eda y mucho sentido del humor\u00bb la ceremonia de clausura del 37 Festival de Cine de l&#8217;Alf\u00e0s del Pi, que cont\u00f3 con la asistencia de personalidades del mundo del cine y la televisi\u00f3n como Martina d&#8217;Antiochia, Rodrigo Gibaja y Coria Castillo.<\/p>  <p>Uno de los momentos \u00abm\u00e1s emotivos\u00bb de la noche fue el nombramiento de la actriz y guionista Sof\u00eda Squittieri como Embajadora Honor\u00edfica del 37 Festival de Cine de l&#8217;Alf\u00e0s del Pi, un reconocimiento que recibi\u00f3 de manos de la actriz alicantina Rebeca Sala, quien destac\u00f3 su \u00abentusiasmo\u00bb, sus \u00abganas de crear\u00bb y su \u00abpasi\u00f3n por la profesi\u00f3n\u00bb.<\/p>  <p>\u00abNo sab\u00e9is la ilusi\u00f3n que me hizo recibir la carta anunciando que iba a ser embajadora honor\u00edfica. He crecido aqu\u00ed. De hecho, este es el primer escenario que pis\u00e9 en mi vida. Hac\u00eda ballet en la Casa de Cultura y aqu\u00ed entend\u00ed lo que era la pasi\u00f3n por el escenario, por esta vida y este camino que he escogido y que no siempre es f\u00e1cil\u00bb, confes\u00f3 Squittieri \u00abemocionada\u00bb, tras agradecer a su madre \u00abpor el apoyo, por dejarme vivir esta vida\u00bb, a sus amigos, al pueblo de l&#8217;Alf\u00e0s y \u00aba aquellos que ya no est\u00e1is y que me har\u00eda mucha ilusi\u00f3n que estuvieseis aqu\u00ed hoy tambi\u00e9n\u00bb.<\/p>  <p>Nacida en Nueva York, criada en l&#8217;Alf\u00e0s del Pi y formada entre Espa\u00f1a y Estados Unidos, Squittieri ha desarrollado una \u00abdestacada carrera\u00bb como actriz, guionista y directora en cine, teatro y televisi\u00f3n. Con este nombramiento como Embajadora Honor\u00edfica, el Festival de Cine de l&#8217;Alf\u00e0s quiere \u00abreconocer su trabajo, su esfuerzo, sus logros y animarla a que siga as\u00ed, luchando por sus sue\u00f1os\u00bb.<\/p>  <p>El jurado oficial de esta edici\u00f3n ha estado compuesto por David Martos (periodista), David Valero (director), Jos\u00e9 Luis Mar\u00edn (actor, director y guionista), Iria Parada (actriz, guionista y c\u00f3mica) y Noelia Fluix\u00e0 (directora y productora).<\/p>  <p>Para el Premio al Mejor Corto Valenciano, el jurado ha estado formado por Alba Rico (actriz), Gen\u00eds Benavent (actor y productor) y V\u00edctor Soriano (creador de contenidos especializado en cine).<\/p>  <p>El Festival de Cine de l&#8217;Alf\u00e0s del Pi tiene como principal misi\u00f3n la promoci\u00f3n del cine realizado en Espa\u00f1a y, especialmente, de los cortometrajes espa\u00f1oles. En esta 37 edici\u00f3n, la organizaci\u00f3n ha recibido un total de 1.217 cortos, de los que 27 fueron seleccionados para competir en la Secci\u00f3n Oficial, diez optaron al Premio al Mejor Corto de Animaci\u00f3n y nueve al Premio al Mejor Cortometraje Valenciano.<\/p>  <p>El Festival de Cine de l&#8217;Alf\u00e0s del Pi ha asegurado que reafirma, en su 37 edici\u00f3n, su \u00abcompromiso\u00bb con la promoci\u00f3n del cine espa\u00f1ol, \u00abcon especial atenci\u00f3n al cortometraje\u00bb. Adem\u00e1s de las proyecciones, este a\u00f1o se han desarrollado m\u00faltiples actividades paralelas como conciertos, exposiciones, cinef\u00f3rums y encuentros de cine.<\/p>  <p>En esta edici\u00f3n han sido homenajeados con el Faro de Plata Elena Irureta, Juli\u00e1n L\u00f3pez y el programa de TVE Cine de Barrio, por su \u00abdestacada contribuci\u00f3n\u00bb a la cultura cinematogr\u00e1fica. La gala de clausura del Festival puso el broche final a una edici\u00f3n que ha proyectado m\u00e1s de 50 cortometrajes y 30 largometrajes, y que se consolida como \u00abuna de las citas culturales m\u00e1s relevantes\u00bb del panorama cinematogr\u00e1fico de la Comunitat Valenciana.<\/p> ","protected":false},"excerpt":{"rendered":"<p>El segundo premio, dotado con 2.000 euros, fue para &#8216;C\u00f3lera&#8217;, de  Jos\u00e9 Luis L\u00e1zaro, una \u00abintensa historia\u00bb sobre un encuentro violento y  hom\u00f3fobo tras un aparente incidente trivial<\/p>\n","protected":false},"author":0,"featured_media":17079,"comment_status":"open","ping_status":"open","sticky":false,"template":"","format":"standard","meta":{"_acf_changed":false,"footnotes":""},"categories":[1],"tags":[],"class_list":["post-17078","post","type-post","status-publish","format-standard","has-post-thumbnail","hentry","category-sin-categoria"],"acf":{"ser_id":"CUP5TNDNXVCP5JP355UFX6E5ZM","ser_url":"https:\/\/cadenaser.com\/comunitat-valenciana\/2025\/07\/13\/el-cortometraje-el-princep-de-alex-sarda-faro-de-plata-del-37-festival-de-cine-de-lalfas-del-pi-radio-alicante\/"},"_links":{"self":[{"href":"https:\/\/serbenidorm.daliisolutions.com\/index.php\/wp-json\/wp\/v2\/posts\/17078","targetHints":{"allow":["GET"]}}],"collection":[{"href":"https:\/\/serbenidorm.daliisolutions.com\/index.php\/wp-json\/wp\/v2\/posts"}],"about":[{"href":"https:\/\/serbenidorm.daliisolutions.com\/index.php\/wp-json\/wp\/v2\/types\/post"}],"replies":[{"embeddable":true,"href":"https:\/\/serbenidorm.daliisolutions.com\/index.php\/wp-json\/wp\/v2\/comments?post=17078"}],"version-history":[{"count":0,"href":"https:\/\/serbenidorm.daliisolutions.com\/index.php\/wp-json\/wp\/v2\/posts\/17078\/revisions"}],"wp:featuredmedia":[{"embeddable":true,"href":"https:\/\/serbenidorm.daliisolutions.com\/index.php\/wp-json\/wp\/v2\/media\/17079"}],"wp:attachment":[{"href":"https:\/\/serbenidorm.daliisolutions.com\/index.php\/wp-json\/wp\/v2\/media?parent=17078"}],"wp:term":[{"taxonomy":"category","embeddable":true,"href":"https:\/\/serbenidorm.daliisolutions.com\/index.php\/wp-json\/wp\/v2\/categories?post=17078"},{"taxonomy":"post_tag","embeddable":true,"href":"https:\/\/serbenidorm.daliisolutions.com\/index.php\/wp-json\/wp\/v2\/tags?post=17078"}],"curies":[{"name":"wp","href":"https:\/\/api.w.org\/{rel}","templated":true}]}}