{"id":17086,"date":"2025-07-14T13:30:19","date_gmt":"2025-07-14T11:30:19","guid":{"rendered":"https:\/\/serbenidorm.daliisolutions.com\/index.php\/2025\/07\/14\/la-guardia-civil-detiene-a-dos-personas-tras-el-robo-de-vehiculos-en-villajoyosa-y-finestrat\/"},"modified":"2025-07-14T13:30:19","modified_gmt":"2025-07-14T11:30:19","slug":"la-guardia-civil-detiene-a-dos-personas-tras-el-robo-de-vehiculos-en-villajoyosa-y-finestrat","status":"publish","type":"post","link":"https:\/\/serbenidorm.daliisolutions.com\/index.php\/2025\/07\/14\/la-guardia-civil-detiene-a-dos-personas-tras-el-robo-de-vehiculos-en-villajoyosa-y-finestrat\/","title":{"rendered":"La Guardia Civil detiene a dos personas tras el robo de veh\u00edculos en Villajoyosa y Finestrat"},"content":{"rendered":" <p>La Guardia Civil ha detenido en las localidades de Villajoyosa y Relleu a dos individuos, de 41 y 46 a\u00f1os y de nacionalidad polaca, como presuntos autores de tres delitos de robo de veh\u00edculos a motor. Los hechos investigados incluyen la sustracci\u00f3n de una furgoneta de reparto y dos motocicletas, ocurridos en Villajoyosa y Finestrat.<\/p>  <p>La investigaci\u00f3n se puso en marcha tras la denuncia del robo de una furgoneta en el centro de Villajoyosa. <a href=\"https:\/\/cadenaser.com\/radio-benidorm\/\" target=\"_blank\" rel=\"nofollow\" title=\"https:\/\/cadenaser.com\/radio-benidorm\/\">El veh\u00edculo fue sustra\u00eddo mientras el conductor realizaba una entrega<\/a>, desde entonces el \u00c1rea de Investigaci\u00f3n del Puesto Principal de Villajoyosa inici\u00f3 las gestiones para dar con el paradero de los responsables y del veh\u00edculo.<\/p>  <p>Gracias al trabajo de los agentes, consiguieron localizar la furgoneta en un inmueble residencial de Villajoyosa, donde fue recuperada. A partir de ese hallazgo, los investigadores lograron vincular a los sospechosos con otros dos robos: un ciclomotor y una motocicleta.<\/p>  <p>La operaci\u00f3n culmin\u00f3 con la detenci\u00f3n del primer implicado en su domicilio en Villajoyosa, mientras que el segundo fue arrestado horas m\u00e1s tarde en Relleu. <a href=\"\" target=\"_blank\" rel=\"nofollow\" title=\"\">Ambos detenidos han sido puestos a disposici\u00f3n del Juzgado de Instrucci\u00f3n en funciones de guardia de Villajoyosa<\/a>, que ha decretado su puesta en libertad con medidas cautelares.<\/p>  <p>La Guardia Civil destaca la importancia de denunciar de inmediato cualquier sustracci\u00f3n de veh\u00edculo o indicio de delito, as\u00ed como adoptar medidas b\u00e1sicas de prevenci\u00f3n, como no dejar el veh\u00edculo en marcha ni con las llaves colocadas, y emplear sistemas antirrobo que dificulten la comisi\u00f3n de estos delitos.<\/p>  <p><\/p>  <p><\/p>  <p><\/p>  <p><\/p> ","protected":false},"excerpt":{"rendered":"<p>Uno de los veh\u00edculos era una furgoneta de paqueter\u00eda que se llevaron aprovechando un descuido del repartidor<\/p>\n","protected":false},"author":0,"featured_media":17087,"comment_status":"open","ping_status":"open","sticky":false,"template":"","format":"standard","meta":{"_acf_changed":false,"footnotes":""},"categories":[1],"tags":[],"class_list":["post-17086","post","type-post","status-publish","format-standard","has-post-thumbnail","hentry","category-sin-categoria"],"acf":{"ser_id":"3WSB62VXORFN3DIW6UUTUHLGKI","ser_url":"https:\/\/cadenaser.com\/comunitat-valenciana\/2025\/07\/14\/la-guardia-civil-detiene-a-dos-personas-tras-el-robo-de-vehiculos-en-villajoyosa-y-finestrat-radio-benidorm\/"},"_links":{"self":[{"href":"https:\/\/serbenidorm.daliisolutions.com\/index.php\/wp-json\/wp\/v2\/posts\/17086","targetHints":{"allow":["GET"]}}],"collection":[{"href":"https:\/\/serbenidorm.daliisolutions.com\/index.php\/wp-json\/wp\/v2\/posts"}],"about":[{"href":"https:\/\/serbenidorm.daliisolutions.com\/index.php\/wp-json\/wp\/v2\/types\/post"}],"replies":[{"embeddable":true,"href":"https:\/\/serbenidorm.daliisolutions.com\/index.php\/wp-json\/wp\/v2\/comments?post=17086"}],"version-history":[{"count":0,"href":"https:\/\/serbenidorm.daliisolutions.com\/index.php\/wp-json\/wp\/v2\/posts\/17086\/revisions"}],"wp:featuredmedia":[{"embeddable":true,"href":"https:\/\/serbenidorm.daliisolutions.com\/index.php\/wp-json\/wp\/v2\/media\/17087"}],"wp:attachment":[{"href":"https:\/\/serbenidorm.daliisolutions.com\/index.php\/wp-json\/wp\/v2\/media?parent=17086"}],"wp:term":[{"taxonomy":"category","embeddable":true,"href":"https:\/\/serbenidorm.daliisolutions.com\/index.php\/wp-json\/wp\/v2\/categories?post=17086"},{"taxonomy":"post_tag","embeddable":true,"href":"https:\/\/serbenidorm.daliisolutions.com\/index.php\/wp-json\/wp\/v2\/tags?post=17086"}],"curies":[{"name":"wp","href":"https:\/\/api.w.org\/{rel}","templated":true}]}}