{"id":1746,"date":"2024-01-26T10:22:25","date_gmt":"2024-01-26T09:22:25","guid":{"rendered":"https:\/\/serbenidorm.daliisolutions.com\/index.php\/2024\/01\/26\/tres-detenidos-en-benidorm-por-robar-en-domicilios-de-la-marina-baixa-y-alta\/"},"modified":"2024-01-26T10:22:25","modified_gmt":"2024-01-26T09:22:25","slug":"tres-detenidos-en-benidorm-por-robar-en-domicilios-de-la-marina-baixa-y-alta","status":"publish","type":"post","link":"https:\/\/serbenidorm.daliisolutions.com\/index.php\/2024\/01\/26\/tres-detenidos-en-benidorm-por-robar-en-domicilios-de-la-marina-baixa-y-alta\/","title":{"rendered":"Tres detenidos en Benidorm por robar en domicilios de la Marina Baixa y Alta"},"content":{"rendered":"  <p>Benidorm<\/p>   <p>La Guardia Civil, en el marco de la <a href=\"https:\/\/cadenaser.com\/tag\/guardia_civil\/a\/\" target=\"_blank\" rel=\"noopener\">operaci\u00f3n Torrerojo<\/a>, ha detenido en Benidorm a tres personas de entre 35 y 56 a\u00f1os por robar en domicilios de municipios de la Marina Alta y Baixa, seg\u00fan ha explicado el cuerpo en un comunicado.<\/p>   <p>El Juzgado de Guardia e Instrucci\u00f3n de Denia ha decretado el ingreso en prisi\u00f3n para dos de ellos, mientras que para el tercero ha ordenado su puesta en libertad con la imposici\u00f3n de medidas cautelares. Se les imputan dieciocho delitos de robo con fuerza, seis delitos de hurto y un delito de pertenencia a grupo criminal, poseen antecedentes por hechos similares. <\/p>  <p><p>M\u00e1s informaci\u00f3n<\/p><figure><img decoding=\"async\" src=\"https:\/\/cadenaser.com\/resizer\/UkgeFJarDoRaJf9UcnSt5aBmiG0=\/650x366\/filters:quality(70)\/cloudfront-eu-central-1.images.arcpublishing.com\/prisaradio\/ITIBJZY57NG2NI7YHUF7UGNCBE.jpg\" loading=\"lazy\" width=\"828\" height=\"621\" \/><\/figure><ul><li><a href=\"https:\/\/cadenaser.com\/comunitat-valenciana\/2024\/01\/19\/cuatro-detenidos-en-la-nucia-y-callosa-den-sarria-por-una-veintena-de-robos-en-viviendas-y-trafico-de-drogas-radio-benidorm\/\">Cuatro detenidos en La Nuc\u00eda y Callosa d&#8217;En Sarri\u00e0 por una veintena de robos en viviendas y tr\u00e1fico de drogas<\/a><\/li><\/ul><\/p>   <p>Durante los meses de septiembre a noviembre del a\u00f1o pasado, la benem\u00e9rita detect\u00f3 una serie de robos en domicilios que afectaban a las comarcas de la Marina Alta y Baja. Ante esta situaci\u00f3n, el Puesto Principal de J\u00e1vea puso en marcha ese operativo.<\/p>   <p>El modus operandi de los ladrones<\/p>   <p>En la primera fase de la operaci\u00f3n, los investigadores analizaron el modus operandi<i> <\/i>de los delincuentes. Estos individuos, tras asegurarse de que los moradores no estuvieran presentes, escalaban o cortaban las vallas perimetrales para acceder al interior de las viviendas mediante llaves falsas. En muchos casos sustra\u00edan las llaves para regresar d\u00edas despu\u00e9s y cometer nuevos robos en los mismos domicilios.<\/p>   <p>Despu\u00e9s de exhaustivas gestiones y dispositivos de prevenci\u00f3n, los agentes centraron sus sospechas en dos delincuentes residentes en Benidorm. Uno de ellos, l\u00edder de la banda, destacaba por su especializaci\u00f3n en la apertura de cerraduras.<\/p>   <p>Tras acreditar la participaci\u00f3n de los delincuentes en hasta 25 delitos cometidos en Benidorm, Benitachell, Finestrat, J\u00e1vea y Teulada-Moraira, se llev\u00f3 a cabo un registro en el domicilio de los criminales, donde se procedi\u00f3 a la detenci\u00f3n de ambos. <\/p>   <p>Durante el registro se hall\u00f3 una llave que condujo a los agentes a un trastero en otra urbanizaci\u00f3n del municipio, utilizado por el l\u00edder en r\u00e9gimen de alquiler. En su interior se descubrieron diversos objetos y dinero procedentes de los robos. Pocos d\u00edas despu\u00e9s los agentes localizaron y detuvieron en J\u00e1vea al tercer y \u00faltimo miembro del grupo criminal.<\/p>   <p>En esta operaci\u00f3n se han hallado herramientas para fabricar llaves, ganz\u00faas, llaves tipo bumping y otras herramientas utilizadas para cometer los robos. Adem\u00e1s, entre otros objetos, se han intervenido diversas joyas, relojes y accesorios de alta gama, 1.210 euros en efectivo, dispositivos electr\u00f3nicos, tel\u00e9fonos m\u00f3viles y herramientas.<\/p>   <p>Aunque la gran parte de objetos recuperados han sido entregados a sus leg\u00edtimos due\u00f1os, los investigadores solicitan colaboraci\u00f3n ciudadana para identificar los objetos que todav\u00eda se encuentran depositados en el Puesto Principal de la Guardia Civil de J\u00e1vea.<\/p> ","protected":false},"excerpt":{"rendered":"<p>A la banda se le imputan veinticinco delitos, entre ellos robo, hurto y pertenencia a grupo criminal, todos ellos cometidos en Benidorm, Benitachell, Finestrat, J\u00e1vea y Teulada-Moraira<\/p>\n","protected":false},"author":0,"featured_media":1747,"comment_status":"open","ping_status":"open","sticky":false,"template":"","format":"standard","meta":{"_acf_changed":false,"footnotes":""},"categories":[1],"tags":[],"class_list":["post-1746","post","type-post","status-publish","format-standard","has-post-thumbnail","hentry","category-sin-categoria"],"acf":{"ser_id":"A6DJ63ZS7JA6NJGVH7VKR4WDCM","ser_url":"https:\/\/cadenaser.com\/comunitat-valenciana\/2024\/01\/26\/tres-detenidos-en-benidorm-por-robar-en-domicilios-la-marina-baixa-y-alta-radio-benidorm\/"},"_links":{"self":[{"href":"https:\/\/serbenidorm.daliisolutions.com\/index.php\/wp-json\/wp\/v2\/posts\/1746","targetHints":{"allow":["GET"]}}],"collection":[{"href":"https:\/\/serbenidorm.daliisolutions.com\/index.php\/wp-json\/wp\/v2\/posts"}],"about":[{"href":"https:\/\/serbenidorm.daliisolutions.com\/index.php\/wp-json\/wp\/v2\/types\/post"}],"replies":[{"embeddable":true,"href":"https:\/\/serbenidorm.daliisolutions.com\/index.php\/wp-json\/wp\/v2\/comments?post=1746"}],"version-history":[{"count":0,"href":"https:\/\/serbenidorm.daliisolutions.com\/index.php\/wp-json\/wp\/v2\/posts\/1746\/revisions"}],"wp:featuredmedia":[{"embeddable":true,"href":"https:\/\/serbenidorm.daliisolutions.com\/index.php\/wp-json\/wp\/v2\/media\/1747"}],"wp:attachment":[{"href":"https:\/\/serbenidorm.daliisolutions.com\/index.php\/wp-json\/wp\/v2\/media?parent=1746"}],"wp:term":[{"taxonomy":"category","embeddable":true,"href":"https:\/\/serbenidorm.daliisolutions.com\/index.php\/wp-json\/wp\/v2\/categories?post=1746"},{"taxonomy":"post_tag","embeddable":true,"href":"https:\/\/serbenidorm.daliisolutions.com\/index.php\/wp-json\/wp\/v2\/tags?post=1746"}],"curies":[{"name":"wp","href":"https:\/\/api.w.org\/{rel}","templated":true}]}}