{"id":1748,"date":"2024-01-26T11:25:59","date_gmt":"2024-01-26T10:25:59","guid":{"rendered":"https:\/\/serbenidorm.daliisolutions.com\/index.php\/2024\/01\/26\/el-tm-benidorm-se-mide-a-puente-genil-en-un-amistoso-de-alto-voltaje\/"},"modified":"2024-01-26T11:25:59","modified_gmt":"2024-01-26T10:25:59","slug":"el-tm-benidorm-se-mide-a-puente-genil-en-un-amistoso-de-alto-voltaje","status":"publish","type":"post","link":"https:\/\/serbenidorm.daliisolutions.com\/index.php\/2024\/01\/26\/el-tm-benidorm-se-mide-a-puente-genil-en-un-amistoso-de-alto-voltaje\/","title":{"rendered":"El TM Benidorm se mide a Puente Genil en un amistoso de alto voltaje"},"content":{"rendered":"  <p>Benidorm<\/p>   <p>Resta todav\u00eda una semana para que el TM Benidorm vuelva a la competici\u00f3n liguera despu\u00e9s del largo par\u00f3n para la disputa del Campeonato de Europa por selecciones nacionales, pero el equipo de Sergio Carballeira afrontar\u00e1 en la tarde de hoy viernes un importante examen disputando un amistoso ante otro equipo de <a href=\"https:\/\/cadenaser.com\/tag\/liga_asobal\/a\/\">Liga Asobal<\/a>, el Puente Genil, en la localidad alicantina de Mutxamel.<\/p>   <p>Como ya explic\u00f3 el entrenador del equipo benidormense el pasado martes en SER Deportivos Marina Baixa, tras la llegada a la ciudad de los internacionales argentinos, los \u00faltimos en reincorporarse a la disciplina del grupo tras el par\u00f3n, la plantilla ha podido entrenar al completo por primera vez esta temporada habiendo dejado atr\u00e1s la ristra de lesiones que ha ido sufriendo desde el arranque mismo de la presente temporada.<\/p>   <p>El choque ante Puente Genil (Mutxamel, 18:00 horas), aunque amistoso, ser\u00e1 un importante test para comprobar c\u00f3mo llegan los dos equipos al reinicio de la competici\u00f3n. Tanto el <a href=\"https:\/\/cadenaser.com\/tag\/club_balonmano_benidorm\/a\/\">TM Benidorm<\/a>como el conjunto andaluz llegan al arranque de la segunda vuelta de la Liga Asobal con los mismos 14 puntos y con el \u2018gol average\u2019 a favor de los del Palau d\u2019Esports l\u2019Illa de Benidorm, que ocupan la novena plaza frente a la und\u00e9cima posici\u00f3n de Puente Genil.<\/p>   <p>En la primera vuelta liguera, el TM Benidorm tuvo que visitar el pabell\u00f3n municipal Alcalde Miguel Salas el d\u00eda 18 de noviembre en un choque que se solvent\u00f3 con una <a href=\"https:\/\/cadenaser.com\/comunitat-valenciana\/2023\/11\/19\/el-tm-benidorm-vence-y-convence-en-puente-genil-radio-benidorm\/\">clar\u00edsima victoria de los de Sergio Carballeira por 29-39<\/a>, por lo que no cabe duda de que Puente Genil llegar\u00e1 al partido de esta tarde con la intenci\u00f3n de reivindicarse tras esa dura afrenta.<\/p>   <p><b>El Primera Nacional se mide a un rival directo<\/b><\/p>   <p>El fin de semana viene muy cargado para el <a href=\"https:\/\/cadenaser.com\/tag\/club_balonmano_benidorm\/a\/\">Club Balonmano Benidorm<\/a> porque, adem\u00e1s de ese amistoso del equipo de Liga Asobal, el Servigroup Benidorm de Primera Nacional Masculina, viajar\u00e1 este s\u00e1bado (18:30 horas) al Pabell\u00f3n Pr\u00edncipe de Asturias de la localidad murciana de Abar\u00e1n para v\u00e9rselas con un rival direct\u00edsimo de la zona baja de la tabla, la Asociaci\u00f3n Abaranera, que llega a esta 18\u00aa jornada de competici\u00f3n ocupando la 12\u00aa posici\u00f3n con 6 puntos, cuatro m\u00e1s que el equipo de Alejandro Cutanda, 14\u00ba sin haber podido puntuar todav\u00eda y con un partido menos que los murcianos.<\/p>   <p>Por ello, el choque ante la Asociaci\u00f3n Abaranera podr\u00eda servir, en el caso de sumar los dos puntos, no s\u00f3lo como un importante empuj\u00f3n moral para un equipo que ha sumado todos sus partidos con derrota, sino tambi\u00e9n para empezar a recortar diferencias con su rival y Sant Joan, los dos equipos con los que se est\u00e1 disputando salir de la zona de descenso.<\/p>   <p><b>Las chicas, a dar la sorpresa ante el l\u00edder<\/b><\/p>   <p>Por su parte, el Servigroup Benidorm de Divisi\u00f3n de Honor Plata femenina recibir\u00e1 este domingo (12:00 horas) en el Pabell\u00f3n Garganes de Altea, donde juega como local mientras el Palau d\u2019Esports l\u2019Illa de Benidorm acoge el Benidorm Fest, al Mislata, destacad\u00edsimo l\u00edder de la clasificaci\u00f3n y que acumula una racha de cinco partidos sin conocer la derrota.<\/p>   <p>Ser\u00e1 un partido complicad\u00edsimo para las de Iker D\u00edaz que, eso s\u00ed, vienen mostrando una l\u00ednea de clara mejora en las \u00faltimas jornadas aunque sigue sin encontrarse con el necesitado triunfo que las acerque un poco m\u00e1s al E\u00f3n de Alicante, el equipo que las precede en la clasificaci\u00f3n con cuatro puntos de ventaja.<\/p> ","protected":false},"excerpt":{"rendered":"<p>A una semana del reinicio de la Liga Asobal, el equipo de Sergio Carballeira cuenta con todos sus efectivos por primera vez este a\u00f1o<\/p>\n","protected":false},"author":0,"featured_media":1749,"comment_status":"open","ping_status":"open","sticky":false,"template":"","format":"standard","meta":{"_acf_changed":false,"footnotes":""},"categories":[16],"tags":[],"class_list":["post-1748","post","type-post","status-publish","format-standard","has-post-thumbnail","hentry","category-deportes"],"acf":{"ser_id":"IFW7QWFI6REWNKN5LDZ6ZLXBEI","ser_url":"https:\/\/cadenaser.com\/comunitat-valenciana\/2024\/01\/26\/el-tm-benidorm-se-mide-a-puente-genil-en-un-amistoso-de-alto-voltaje-radio-benidorm\/"},"_links":{"self":[{"href":"https:\/\/serbenidorm.daliisolutions.com\/index.php\/wp-json\/wp\/v2\/posts\/1748","targetHints":{"allow":["GET"]}}],"collection":[{"href":"https:\/\/serbenidorm.daliisolutions.com\/index.php\/wp-json\/wp\/v2\/posts"}],"about":[{"href":"https:\/\/serbenidorm.daliisolutions.com\/index.php\/wp-json\/wp\/v2\/types\/post"}],"replies":[{"embeddable":true,"href":"https:\/\/serbenidorm.daliisolutions.com\/index.php\/wp-json\/wp\/v2\/comments?post=1748"}],"version-history":[{"count":0,"href":"https:\/\/serbenidorm.daliisolutions.com\/index.php\/wp-json\/wp\/v2\/posts\/1748\/revisions"}],"wp:featuredmedia":[{"embeddable":true,"href":"https:\/\/serbenidorm.daliisolutions.com\/index.php\/wp-json\/wp\/v2\/media\/1749"}],"wp:attachment":[{"href":"https:\/\/serbenidorm.daliisolutions.com\/index.php\/wp-json\/wp\/v2\/media?parent=1748"}],"wp:term":[{"taxonomy":"category","embeddable":true,"href":"https:\/\/serbenidorm.daliisolutions.com\/index.php\/wp-json\/wp\/v2\/categories?post=1748"},{"taxonomy":"post_tag","embeddable":true,"href":"https:\/\/serbenidorm.daliisolutions.com\/index.php\/wp-json\/wp\/v2\/tags?post=1748"}],"curies":[{"name":"wp","href":"https:\/\/api.w.org\/{rel}","templated":true}]}}