{"id":1750,"date":"2024-01-26T11:38:37","date_gmt":"2024-01-26T10:38:37","guid":{"rendered":"https:\/\/serbenidorm.daliisolutions.com\/index.php\/2024\/01\/26\/la-alteana-clara-garcia-subcampeona-de-espana-de-ilca-4\/"},"modified":"2024-01-26T11:38:37","modified_gmt":"2024-01-26T10:38:37","slug":"la-alteana-clara-garcia-subcampeona-de-espana-de-ilca-4","status":"publish","type":"post","link":"https:\/\/serbenidorm.daliisolutions.com\/index.php\/2024\/01\/26\/la-alteana-clara-garcia-subcampeona-de-espana-de-ilca-4\/","title":{"rendered":"La alteana Clara Garc\u00eda, subcampeona de Espa\u00f1a de ILCA 4"},"content":{"rendered":"  <p>Benidorm<\/p>   <p>La regatista del Club N\u00e1utico de Altea Clara Garc\u00eda se ha alzado con el subcampeonato de Espa\u00f1a de vela ligera en la clase ILCA 4 en la que ha sido la primera gran cita de la temporada nacional de 2024 tras tres intensas jornadas, disputadas en Val\u00e8ncia, en las que se han podido completar cuatro pruebas sobre nueve programadas.<\/p>   <p>El Club N\u00e1utico de Altea asist\u00eda a la cita con dos de sus regatistas convocados para estos nacionales. La Federaci\u00f3n de Vela de la Comunitat Valenciana seleccionaba a su equipo de 23 representantes entre los cuales estaban los dos alteanos Clara Garc\u00eda y Jorge Santos.<\/p>   <p>Garc\u00eda y Santos hac\u00edan una regata magn\u00edfica y terminaban la prueba muy bien posicionados en la tabla. Una clasificaci\u00f3n que tuvo a 143 regatistas, los mejores del territorio nacional.<\/p>   <p>Jorge Santos consegu\u00eda un cuarto y un quinto como mejores parciales lo que le posicionaba finalmente en el noveno puesto de la Copa.<\/p> ","protected":false},"excerpt":{"rendered":"<p>Jorge Santos se alz\u00f3 con el noveno puesto en el nacional disputado en aguas de Val\u00e8ncia<\/p>\n","protected":false},"author":0,"featured_media":1751,"comment_status":"open","ping_status":"open","sticky":false,"template":"","format":"standard","meta":{"_acf_changed":false,"footnotes":""},"categories":[16],"tags":[],"class_list":["post-1750","post","type-post","status-publish","format-standard","has-post-thumbnail","hentry","category-deportes"],"acf":{"ser_id":"GWKLAK67SBEXZMQWA5LMZKRVDE","ser_url":"https:\/\/cadenaser.com\/comunitat-valenciana\/2024\/01\/26\/la-alteana-clara-garcia-subcampeona-de-espana-de-ilca-4-radio-benidorm\/"},"_links":{"self":[{"href":"https:\/\/serbenidorm.daliisolutions.com\/index.php\/wp-json\/wp\/v2\/posts\/1750","targetHints":{"allow":["GET"]}}],"collection":[{"href":"https:\/\/serbenidorm.daliisolutions.com\/index.php\/wp-json\/wp\/v2\/posts"}],"about":[{"href":"https:\/\/serbenidorm.daliisolutions.com\/index.php\/wp-json\/wp\/v2\/types\/post"}],"replies":[{"embeddable":true,"href":"https:\/\/serbenidorm.daliisolutions.com\/index.php\/wp-json\/wp\/v2\/comments?post=1750"}],"version-history":[{"count":0,"href":"https:\/\/serbenidorm.daliisolutions.com\/index.php\/wp-json\/wp\/v2\/posts\/1750\/revisions"}],"wp:featuredmedia":[{"embeddable":true,"href":"https:\/\/serbenidorm.daliisolutions.com\/index.php\/wp-json\/wp\/v2\/media\/1751"}],"wp:attachment":[{"href":"https:\/\/serbenidorm.daliisolutions.com\/index.php\/wp-json\/wp\/v2\/media?parent=1750"}],"wp:term":[{"taxonomy":"category","embeddable":true,"href":"https:\/\/serbenidorm.daliisolutions.com\/index.php\/wp-json\/wp\/v2\/categories?post=1750"},{"taxonomy":"post_tag","embeddable":true,"href":"https:\/\/serbenidorm.daliisolutions.com\/index.php\/wp-json\/wp\/v2\/tags?post=1750"}],"curies":[{"name":"wp","href":"https:\/\/api.w.org\/{rel}","templated":true}]}}