{"id":1753,"date":"2024-01-26T12:41:15","date_gmt":"2024-01-26T11:41:15","guid":{"rendered":"https:\/\/serbenidorm.daliisolutions.com\/index.php\/2024\/01\/26\/doble-racion-de-lideres-para-el-club-voleibol-playas-de-benidorm\/"},"modified":"2024-01-26T12:41:15","modified_gmt":"2024-01-26T11:41:15","slug":"doble-racion-de-lideres-para-el-club-voleibol-playas-de-benidorm","status":"publish","type":"post","link":"https:\/\/serbenidorm.daliisolutions.com\/index.php\/2024\/01\/26\/doble-racion-de-lideres-para-el-club-voleibol-playas-de-benidorm\/","title":{"rendered":"Doble raci\u00f3n de l\u00edderes para el Club Voleibol Playas de Benidorm"},"content":{"rendered":"  <p>Benidorm<\/p>   <p>Los caprichos del calendario y de los resultados obtenidos por cada cual en las doce jornadas ya disputadas de la Superliga 2 masculina y femenina han deparado que este s\u00e1bado el Pabell\u00f3n Ra\u00fal Mesa pueda vivir un doble duelo de los equipos del <a href=\"https:\/\/cadenaser.com\/tag\/club_voleibol_playas_benidorm\/a\/\">Club Voleibol Playas de Benidorm<\/a> ante los l\u00edderes de sus respectivos grupos.<\/p>   <p>Los que m\u00e1s complicado lo van a tener son los chicos del Servigroup Benidorm, que se las tienen que ver con un Legan\u00e9s intratable que llegar\u00e1 invicto a la cancha benidormense (17:00 horas). Para este duelo, el entrenador local, Adriano Lamb, podr\u00e1 contar ya, si lo estima conveniente, con <a href=\"https:\/\/cadenaser.com\/comunitat-valenciana\/2024\/01\/23\/el-club-voleibol-playas-de-benidorm-incorpora-a-fran-fernandez-radio-benidorm\/\">el reci\u00e9n llegado nuevo fichaje del club, Fran Fern\u00e1ndez<\/a>.<\/p>   <p>El conjunto benidormense llega a este choque despu\u00e9s de haber sufrido un doloroso tropiezo la pasada semana ante Almer\u00eda, una derrota que le ha alejado del \u00fanico puesto que da acceso a la fase de ascenso a la m\u00e1xima categor\u00eda que todav\u00eda parece alcanzable, por lo que una victoria ante los madrile\u00f1os, adem\u00e1s de una muy agradable sorpresa, supondr\u00eda un espaldarazo de gran calibre en ese objetivo confeso de pelear por el pasaporte a la m\u00e1xima categor\u00eda.<\/p>   <p>Recuperados Dani Retuerto y Arnau Caparr\u00f3s, el t\u00e9cnico local podr\u00e1 contar para este importante y complicado choque con su plantilla al completo.<\/p>   <p><b>El HolaCV-Benidorm, a por el liderato<\/b><\/p>   <p>En lo que a la Superliga 2 femenina se refiere, el HolaCV-Benidorm afronta tambi\u00e9n un dif\u00edcil enfrentamiento ante el Cartagena (19:30 horas), l\u00edder de la tabla y al que las chicas de Nacho Madaleno fueron capaces de <a href=\"https:\/\/cadenaser.com\/comunitat-valenciana\/2023\/10\/15\/una-remontada-heroica-coloca-al-holacv-benidorm-en-los-puestos-de-ascenso-radio-benidorm\/\">imponerse en la primera vuelta, en la cancha de las murcianas, por 2-3<\/a>, por lo que la moral de las chicas benidormenses est\u00e1 por las nubes ante la oportunidad de repetir triunfo ante un rival directo en la pelea por el ascenso.<\/p>   <p>Tras las primeras doce jornadas, s\u00f3lo tres puntos separan al HolaCV-Benidorm, cuarto en la tabla, del l\u00edder. Por lo tanto, un triunfo local por 3-0 o 3-1 no s\u00f3lo colocar\u00eda a ambos equipos con los mismos 31 puntos, sino que har\u00eda que las de Nacho Madaleno se aseguraran acabar por encima de las cartageneras en caso de empate a puntos gracias a la diferencia de sets.<\/p>   <p>Las del Pabell\u00f3n Ra\u00fal Mesa podr\u00edan incluso, siempre que sumen los tres puntos, auparse hasta el liderato de la clasificaci\u00f3n, aunque para eso habr\u00e1 que esperar a los resultados de Madrid Chamber\u00ed (segundo en la tabla con dos puntos m\u00e1s) y las canarias del Gu\u00eda (terceras con un punto m\u00e1s que las de Benidorm).<\/p>   <p>El HolaCV-Benidorm tratar\u00e1 de alargar su magn\u00edfica racha de resultados y sumar la que ser\u00eda su s\u00e9ptima victoria consecutiva.<\/p>   <p><b>Medsur-Finestrat, aliado de Benidorm<\/b><\/p>   <p>Uno de los grandes aliados del HolaCV-Benidorm este fin de semana podr\u00eda ser, precisamente, el Medsur-Finestrat, que cay\u00f3 hace ahora siete d\u00edas en casa en el derbi comarcal, pero que esta semana visita la cancha del Gu\u00eda canario, rival directo de las de Benidorm.<\/p>   <p>Las finestratenses jugar\u00e1n tambi\u00e9n este s\u00e1bado (20:30 horas, horario insular) en un choque muy desigual, pero en el que conf\u00edan en poder seguir afianzando su buena temporada y dar otro importante paso en su camino hacia la salvaci\u00f3n, un objetivo que, tras la primera vuelta, parece ya casi asegurado.<\/p> ","protected":false},"excerpt":{"rendered":"<p>Las chicas del HolaCV-Benidorm podr\u00edan asaltar el liderato de la clasificaci\u00f3n si se imponen a Cartagena | Fran Fern\u00e1ndez podr\u00e1 debutar este s\u00e1bado con el Servigroup-Benidorm<\/p>\n","protected":false},"author":0,"featured_media":1754,"comment_status":"open","ping_status":"open","sticky":false,"template":"","format":"standard","meta":{"_acf_changed":false,"footnotes":""},"categories":[16],"tags":[],"class_list":["post-1753","post","type-post","status-publish","format-standard","has-post-thumbnail","hentry","category-deportes"],"acf":{"ser_id":"TPDQA7PZRZDTHHWYFG7OBM3Z2A","ser_url":"https:\/\/cadenaser.com\/comunitat-valenciana\/2024\/01\/26\/doble-racion-de-lideres-para-el-club-voleibol-playas-de-benidorm-radio-benidorm\/"},"_links":{"self":[{"href":"https:\/\/serbenidorm.daliisolutions.com\/index.php\/wp-json\/wp\/v2\/posts\/1753","targetHints":{"allow":["GET"]}}],"collection":[{"href":"https:\/\/serbenidorm.daliisolutions.com\/index.php\/wp-json\/wp\/v2\/posts"}],"about":[{"href":"https:\/\/serbenidorm.daliisolutions.com\/index.php\/wp-json\/wp\/v2\/types\/post"}],"replies":[{"embeddable":true,"href":"https:\/\/serbenidorm.daliisolutions.com\/index.php\/wp-json\/wp\/v2\/comments?post=1753"}],"version-history":[{"count":0,"href":"https:\/\/serbenidorm.daliisolutions.com\/index.php\/wp-json\/wp\/v2\/posts\/1753\/revisions"}],"wp:featuredmedia":[{"embeddable":true,"href":"https:\/\/serbenidorm.daliisolutions.com\/index.php\/wp-json\/wp\/v2\/media\/1754"}],"wp:attachment":[{"href":"https:\/\/serbenidorm.daliisolutions.com\/index.php\/wp-json\/wp\/v2\/media?parent=1753"}],"wp:term":[{"taxonomy":"category","embeddable":true,"href":"https:\/\/serbenidorm.daliisolutions.com\/index.php\/wp-json\/wp\/v2\/categories?post=1753"},{"taxonomy":"post_tag","embeddable":true,"href":"https:\/\/serbenidorm.daliisolutions.com\/index.php\/wp-json\/wp\/v2\/tags?post=1753"}],"curies":[{"name":"wp","href":"https:\/\/api.w.org\/{rel}","templated":true}]}}