{"id":1755,"date":"2024-01-26T12:53:31","date_gmt":"2024-01-26T11:53:31","guid":{"rendered":"https:\/\/serbenidorm.daliisolutions.com\/index.php\/2024\/01\/26\/benidorm-saca-pecho-de-sus-datos-en-fitur-incremento-de-turistas-de-todos-los-mercados-internacionales\/"},"modified":"2024-01-26T12:53:31","modified_gmt":"2024-01-26T11:53:31","slug":"benidorm-saca-pecho-de-sus-datos-en-fitur-incremento-de-turistas-de-todos-los-mercados-internacionales","status":"publish","type":"post","link":"https:\/\/serbenidorm.daliisolutions.com\/index.php\/2024\/01\/26\/benidorm-saca-pecho-de-sus-datos-en-fitur-incremento-de-turistas-de-todos-los-mercados-internacionales\/","title":{"rendered":"Benidorm saca pecho de sus datos en Fitur: incremento de turistas de todos los mercados internacionales"},"content":{"rendered":"  <p>Benidorm<\/p>   <p>Benidorm cerr\u00f3 el a\u00f1o 2023 con un incremento del n\u00famero de turistas en todos los mercados internacionales. As\u00ed se desprende del<a href=\"https:\/\/cadenaser.com\/tag\/benidorm\/a\/\" target=\"_blank\" rel=\"noopener\"> informe anual de Visit Benidorm<\/a> que se ha conocido coincidiendo con la <a href=\"https:\/\/cadenaser.com\/tag\/fitur_feria_internacional_turismo_espana\/a\/\" target=\"_blank\" rel=\"noopener\">Feria Internacional de Turismo (Fitur)<\/a> que se celebra estos d\u00edas en Madrid y que ha analizado hoy el alcalde, Toni P\u00e9rez. <\/p>   <p>Concretamente, la ciudad recibi\u00f3 el pasado a\u00f1o a 2.766.366 viajeros, un 3,8% m\u00e1s que en 2019, \u201ca\u00f1o previo a la pandemia en el que Benidorm, como muchos otros destinos tur\u00edsticos, firm\u00f3 un registro pr\u00e1cticamente hist\u00f3rico\u201d.<\/p>   <p>Seg\u00fan las cifras aportadas por el alcalde, \u201cBenidorm recibi\u00f3 el a\u00f1o pasado un 5,2% m\u00e1s de turistas de Reino Unido que en 2019. Y todo ello, a pesar de que en 2023 hubo un 7% menos de asientos en las conexiones a\u00e9reas entre Reino Unido y el aeropuerto de Alicante-Elche que, por otra parte, actualmente es el primero en clientes brit\u00e1nicos en Espa\u00f1a\u201d. Toni P\u00e9rez ha indicado que el a\u00f1o pasado 832.115 ciudadanos brit\u00e1nicos eligieron Benidorm como destino de vacaciones, 41.239 m\u00e1s que en 2019.<\/p>   <p>El resto de mercados internacionales han registrado incrementos que van desde el 3,2% de B\u00e9lgica hasta el 88,4% de Italia, siendo tambi\u00e9n muy representativo el aumento de los viajeros procedentes de Portugal, tercer mercado emisor, que ha alcanzado un 67,7% de crecimiento. El alcalde ha precisado que \u201caunque obviamente, en t\u00e9rminos absolutos de viajeros, estos mercados est\u00e1n lejos de las cifras del Reino Unido, en su conjunto suponen un n\u00famero muy representativo de visitantes: 242.348\u201d.<\/p>  <p><p>M\u00e1s informaci\u00f3n<\/p><figure><img decoding=\"async\" src=\"https:\/\/cadenaser.com\/resizer\/g-WB4fsSl3HGF_T4FvphFD7znZI=\/650x366\/filters:quality(70)\/cloudfront-eu-central-1.images.arcpublishing.com\/prisaradio\/JOINISX4JVETBHBPL3634KIGTE.jpg\" loading=\"lazy\" width=\"828\" height=\"621\" \/><\/figure><ul><li><a href=\"https:\/\/cadenaser.com\/comunitat-valenciana\/2024\/01\/24\/la-vila-gastronomica-en-fitur-2024-radio-benidorm\/\">La Vila Gastron\u00f3mica en Fitur 2024<\/a><\/li><\/ul><\/p>   <p>Estas cifras de crecimiento, ha precisado P\u00e9rez, \u201cson el resultado del trabajo intenso y constante realizado por Visit Benidorm en estos mercados emisores para posicionar el destino\u201d.<\/p>   <p>Por lo que respecta al mercado nacional, el a\u00f1o 2023 se ha saldado con un leve descenso del n\u00famero de viajeros, un 1,7% menos, \u201cdebido principalmente al retraso de la puesta en marcha del programa del Imserso, una circunstancia que hace escasas fechas ya apunt\u00f3 la patronal hotelera Hosbec y que esperamos que no vuelva a repetirse en 2024\u201d.<\/p>   <p>Toni P\u00e9rez ha explicado que \u201cpese a ese aumento generalizado del n\u00famero de viajeros internacionales, Benidorm no escapa de la tendencia que se est\u00e1 constatando en la inmensa mayor\u00eda de destinos: un cierto descenso de la duraci\u00f3n de las vacaciones de los turistas que, obviamente, repercute en el n\u00famero de las pernoctaciones\u201d.<\/p>   <p>As\u00ed, 2023 se sald\u00f3 con 15.023.330 pernoctaciones, un 5,9% menos que en 2019, debido a que la estancia media se ha reducido en los hoteles en medio d\u00eda, en una jornada en el caso de los apartamentos tur\u00edsticos y en dos en los campings. De este modo, la estancia media hotelera fue de 4,8 d\u00edas por viajero; mientras que en los apartamentos y viviendas tur\u00edsticas se situ\u00f3 en 5,6 d\u00edas y en 21 en los campings.<\/p>   <p>En t\u00e9rminos de ocupaci\u00f3n, el a\u00f1o pasado los hoteles cerraron en niveles similares a los de 2019, con un 80,4%, lo que supone un retroceso de 3,8 puntos. El resto de opciones alojativas, por su parte, finalizaron 2023 pr\u00e1cticamente con los mismos resultados que hace cuatro a\u00f1os, si bien con leves mejor\u00edas. As\u00ed, los apartamentos tur\u00edsticos obtuvieron una ocupaci\u00f3n media del 73,4% -un 0,3% m\u00e1s-; y los campings y viviendas tur\u00edsticas el 90,5% -subiendo ambas un 0,2% respecto a 2019-.<\/p>   <p>El resto de indicadores evaluados por Visit Benidorm cierran en positivo. Es el caso del empleo, que s\u00f3lo en la planta hotelera de Benidorm ha crecido casi un 9% hasta alcanzar los 6.024 trabajadores. Tambi\u00e9n en el resto de modalidades alojativas ha crecido el n\u00famero de empleados.<\/p>   <p>Balance favorable, adem\u00e1s, para la media del REVPAR, los ingresos por habitaci\u00f3n hotelera disponible, que fue de 70,8 euros, un 13,3% m\u00e1s. Tambi\u00e9n ha experimentado un aumento la tarifa media por habitaci\u00f3n, que el a\u00f1o pasado se situ\u00f3 en 96 euros, un 21,3% m\u00e1s.<\/p>   <p>Y dentro de los par\u00e1metros analizados, el alcalde ha destacado especialmente el grado de satisfacci\u00f3n global sobre el destino expresado por los turistas y que ha crecido 12 puntos con respecto a 2019 hasta alcanzar un 78,9 sobre 100. El apartado en el que m\u00e1s ha crecido la satisfacci\u00f3n del cliente ha sido respecto a los hoteles, que ha pasado de 50,4 puntos hace cuatro a\u00f1os a 63 en 2023. Tambi\u00e9n ha aumentado, en 5 puntos en este caso, la satisfacci\u00f3n por el clima, que asciende hasta 89,9 puntos; mientras que la sensaci\u00f3n de seguridad y los productos del destino apenas han sufrido variaciones.<\/p>   <p>Toni P\u00e9rez ha asegurado que \u201ctodos estos indicadores confirman que el sector tur\u00edstico sigue siendo generador de empleo y de riqueza y reafirman la fortaleza del destino Benidorm, que se ha repuesto pr\u00e1cticamente por completo del rev\u00e9s que supuso la pandemia, que durante meses fren\u00f3 la actividad tur\u00edstica y que cerr\u00f3 por primera vez la planta hotelera de nuestra ciudad\u201d. \u201cBenidorm \u2013ha agregado- fue referente en la gesti\u00f3n de la crisis sanitaria y lo ha sido tambi\u00e9n en la recuperaci\u00f3n que la ha seguido\u201d.<\/p>   <p>El alcalde ha avanzado que \u201clos primeros indicadores de 2024 tambi\u00e9n se escriben en positivo, ya que en estos momentos el volumen de reservas para todo el a\u00f1o, mes a mes, es superior al que ten\u00edamos para 2023 en estas mismas fechas\u201d. Toni P\u00e9rez ha se\u00f1alado que \u201cel punto de partida nos encamina hacia el optimismo, pero en Benidorm somos muy conscientes de la necesidad de realizar un esfuerzo sostenido en el tiempo para que las previsiones se acaben confirmado\u201d.<\/p>   <p>\u201cTenemos un destino tur\u00edstico muy potente, con un nivel de fidelizaci\u00f3n muy importante y con una oferta casi inagotable, ya que somos un destino multiproducto, algo que est\u00e1n pudiendo constatar a diario los operadores y que tambi\u00e9n har\u00e1 el p\u00fablico que a lo largo del fin de semana visite el stand de Benidorm en la Feria Internacional de Turismo de Madrid\u201d, ha concluido.<\/p> ","protected":false},"excerpt":{"rendered":"<p>La ciudad recibi\u00f3 2,7 millones de viajeros, casi un 4 % m\u00e1s que en 2019<\/p>\n","protected":false},"author":0,"featured_media":1756,"comment_status":"open","ping_status":"open","sticky":false,"template":"","format":"standard","meta":{"_acf_changed":false,"footnotes":""},"categories":[1],"tags":[],"class_list":["post-1755","post","type-post","status-publish","format-standard","has-post-thumbnail","hentry","category-sin-categoria"],"acf":{"ser_id":"BTGCVHFVC5BKHF2BY226FK4UFY","ser_url":"https:\/\/cadenaser.com\/comunitat-valenciana\/2024\/01\/26\/benidorm-saca-pecho-de-sus-datos-en-fitur-incremento-de-turistas-de-todos-los-mercados-internacionales-radio-benidorm\/"},"_links":{"self":[{"href":"https:\/\/serbenidorm.daliisolutions.com\/index.php\/wp-json\/wp\/v2\/posts\/1755","targetHints":{"allow":["GET"]}}],"collection":[{"href":"https:\/\/serbenidorm.daliisolutions.com\/index.php\/wp-json\/wp\/v2\/posts"}],"about":[{"href":"https:\/\/serbenidorm.daliisolutions.com\/index.php\/wp-json\/wp\/v2\/types\/post"}],"replies":[{"embeddable":true,"href":"https:\/\/serbenidorm.daliisolutions.com\/index.php\/wp-json\/wp\/v2\/comments?post=1755"}],"version-history":[{"count":0,"href":"https:\/\/serbenidorm.daliisolutions.com\/index.php\/wp-json\/wp\/v2\/posts\/1755\/revisions"}],"wp:featuredmedia":[{"embeddable":true,"href":"https:\/\/serbenidorm.daliisolutions.com\/index.php\/wp-json\/wp\/v2\/media\/1756"}],"wp:attachment":[{"href":"https:\/\/serbenidorm.daliisolutions.com\/index.php\/wp-json\/wp\/v2\/media?parent=1755"}],"wp:term":[{"taxonomy":"category","embeddable":true,"href":"https:\/\/serbenidorm.daliisolutions.com\/index.php\/wp-json\/wp\/v2\/categories?post=1755"},{"taxonomy":"post_tag","embeddable":true,"href":"https:\/\/serbenidorm.daliisolutions.com\/index.php\/wp-json\/wp\/v2\/tags?post=1755"}],"curies":[{"name":"wp","href":"https:\/\/api.w.org\/{rel}","templated":true}]}}