{"id":1759,"date":"2024-01-26T13:23:12","date_gmt":"2024-01-26T12:23:12","guid":{"rendered":"https:\/\/serbenidorm.daliisolutions.com\/index.php\/2024\/01\/26\/el-huesitos-la-vila-arranca-la-fase-crucial-de-la-temporada\/"},"modified":"2024-01-26T13:23:12","modified_gmt":"2024-01-26T12:23:12","slug":"el-huesitos-la-vila-arranca-la-fase-crucial-de-la-temporada","status":"publish","type":"post","link":"https:\/\/serbenidorm.daliisolutions.com\/index.php\/2024\/01\/26\/el-huesitos-la-vila-arranca-la-fase-crucial-de-la-temporada\/","title":{"rendered":"El Huesitos-La Vila arranca la fase crucial de la temporada"},"content":{"rendered":"  <p>Benidorm<\/p>   <p>Despu\u00e9s de cerrar la primera fase de la competici\u00f3n de la Divisi\u00f3n de Honor B del rugby nacional con pleno de victorias, el Huesitos-La Vila comienza este domingo (12:30 horas) su asalto a la ronda definitiva de la temporada, esa en la que se deciden los cuatro equipos que se jugar\u00e1n el ascenso a la m\u00e1xima categor\u00eda.<\/p>   <p>Como ya avanzara el entrenador del XV chocolatero, Hern\u00e1n Quirelli, en SER Deportivos Marina Baixa, el equipo vilero llega con algunas bajas sensibles al primer choque de esta segunda fase, que llevar\u00e1 al Huesitos-La Vila al Estadio Ram\u00f3n Urtubi de Madrid para medirse al Liceo Franc\u00e9s.<\/p>   <p>Ha llegado el momento de olvidar la perfecta primera vuelta completada, con diez triunfos en otros tantos partidos, y poner el contador a cero ya que en esta nueva fase de la competici\u00f3n, a la que han clasificado los tres primeros equipos de cada grupo, todos los contadores se reinician y los nueve aspirantes inician en igualdad de condiciones su carrera por obtener una de las cuatro plazas para la final four.<\/p>   <p>Pese a las bajas, los vileros viajan a Madrid con la confianza de haber podido trabajar durante las tres \u00faltimas semanas con el \u00fanico objetivo de llegar en las mejores condiciones posibles a esta primera jornada de la fase decisiva.<\/p> ","protected":false},"excerpt":{"rendered":"<p>El XV chocolatero buscar\u00e1 seguir con su temporada perfecta ante el Liceo Franc\u00e9s de Madrid<\/p>\n","protected":false},"author":0,"featured_media":1760,"comment_status":"open","ping_status":"open","sticky":false,"template":"","format":"standard","meta":{"_acf_changed":false,"footnotes":""},"categories":[16],"tags":[],"class_list":["post-1759","post","type-post","status-publish","format-standard","has-post-thumbnail","hentry","category-deportes"],"acf":{"ser_id":"ZAQCOMID5VFARGWSXC4SH5AOXM","ser_url":"https:\/\/cadenaser.com\/comunitat-valenciana\/2024\/01\/26\/el-huesitos-la-vila-arranca-la-fase-crucial-de-la-temporada-radio-benidorm\/"},"_links":{"self":[{"href":"https:\/\/serbenidorm.daliisolutions.com\/index.php\/wp-json\/wp\/v2\/posts\/1759","targetHints":{"allow":["GET"]}}],"collection":[{"href":"https:\/\/serbenidorm.daliisolutions.com\/index.php\/wp-json\/wp\/v2\/posts"}],"about":[{"href":"https:\/\/serbenidorm.daliisolutions.com\/index.php\/wp-json\/wp\/v2\/types\/post"}],"replies":[{"embeddable":true,"href":"https:\/\/serbenidorm.daliisolutions.com\/index.php\/wp-json\/wp\/v2\/comments?post=1759"}],"version-history":[{"count":0,"href":"https:\/\/serbenidorm.daliisolutions.com\/index.php\/wp-json\/wp\/v2\/posts\/1759\/revisions"}],"wp:featuredmedia":[{"embeddable":true,"href":"https:\/\/serbenidorm.daliisolutions.com\/index.php\/wp-json\/wp\/v2\/media\/1760"}],"wp:attachment":[{"href":"https:\/\/serbenidorm.daliisolutions.com\/index.php\/wp-json\/wp\/v2\/media?parent=1759"}],"wp:term":[{"taxonomy":"category","embeddable":true,"href":"https:\/\/serbenidorm.daliisolutions.com\/index.php\/wp-json\/wp\/v2\/categories?post=1759"},{"taxonomy":"post_tag","embeddable":true,"href":"https:\/\/serbenidorm.daliisolutions.com\/index.php\/wp-json\/wp\/v2\/tags?post=1759"}],"curies":[{"name":"wp","href":"https:\/\/api.w.org\/{rel}","templated":true}]}}