{"id":1761,"date":"2024-01-26T13:44:20","date_gmt":"2024-01-26T12:44:20","guid":{"rendered":"https:\/\/serbenidorm.daliisolutions.com\/index.php\/2024\/01\/26\/lalfas-del-pi-se-presenta-en-fitur-como-sede-del-congreso-internacional-bandera-azul-2024\/"},"modified":"2024-01-26T13:44:20","modified_gmt":"2024-01-26T12:44:20","slug":"lalfas-del-pi-se-presenta-en-fitur-como-sede-del-congreso-internacional-bandera-azul-2024","status":"publish","type":"post","link":"https:\/\/serbenidorm.daliisolutions.com\/index.php\/2024\/01\/26\/lalfas-del-pi-se-presenta-en-fitur-como-sede-del-congreso-internacional-bandera-azul-2024\/","title":{"rendered":"L&#8217;Alf\u00e0s del Pi se presenta en Fitur como sede del Congreso Internacional Bandera Azul 2024"},"content":{"rendered":"  <p>L&#8217;Alf\u00e0s del Pi<\/p>   <p>L\u2019Alf\u00e0s se ha presentado en el stand de la Comunitat Valenciana en Fitur como sede del Congreso Internacional Bandera Azul: \u2018Sostenibilidad, Salud y Seguridad\u2019<a href=\"https:\/\/cadenaser.com\/tag\/lalfas_del_pi\/a\/\" target=\"_blank\" rel=\"noopener\"> los d\u00edas 22, 23 y 24 de octubre<\/a>, y as\u00ed lo ha anunciado Jos\u00e9 Palacios,<b> <\/b>presidente de la Asociaci\u00f3n de Educaci\u00f3n Ambiental y del Consumidor &#8211; Fundaci\u00f3n de Educaci\u00f3n Ambiental (ADEAC-FEE), responsable en Espa\u00f1a de los programas Bandera Azul para playas, puertos deportivos, ecoescuelas y Senderos Azules.<\/p>   <p>Para el alcalde alfasino, Vicente Arques, es un orgullo poder acoger un congreso de esta envergadura, y una oportunidad poder escuchar a los expertos de todo el mundo que van a participar, y reafirmar el compromiso de l\u2019Alf\u00e0s de seguir trabajando por conservar y ampliar el patrimonio natural y cultural, avalado con ocho distintivos azules.<\/p>  <p><p>M\u00e1s informaci\u00f3n<\/p><figure><img decoding=\"async\" src=\"https:\/\/cadenaser.com\/resizer\/SX_QIvA5CAX3Rx4gdFPBh04kHok=\/650x366\/filters:quality(70)\/cloudfront-eu-central-1.images.arcpublishing.com\/prisaradio\/FB73OTWGGRAPNNLU23R4KEKHPI.jpg\" loading=\"lazy\" width=\"828\" height=\"621\" \/><\/figure><ul><li><a href=\"https:\/\/cadenaser.com\/comunitat-valenciana\/2024\/01\/26\/benidorm-saca-pecho-de-sus-datos-en-fitur-incremento-de-turistas-de-todos-los-mercados-internacionales-radio-benidorm\/\">Benidorm saca pecho de sus datos en Fitur: incremento de turistas de todos los mercados internacionales<\/a><\/li><\/ul><\/p>   <p>S\u00f3lo ocho ciudades en Espa\u00f1a, diez de Europa y 13 de todo el mundo han sido distinguidas con la Bandera Azul de manera ininterrumpida durante 36 a\u00f1os, encontr\u00e1ndose la playa Rac\u00f3 de l&#8217;Albir, de l\u2019Alf\u00e0s del Pi, entre este selecto grupo.<\/p>   <p>El Festival de Cine de l\u2019Alf\u00e0s se reivindica como uno de los principales reclamos tur\u00edsticos<\/p>   <p>El festival mantendr\u00e1 iniciativas como la concesi\u00f3n de un premio a los cortos grabados con smartphone, con la intenci\u00f3n de llegar al p\u00fablico m\u00e1s joven, ha adelantado el director del certamen, Luis Larrodera, en la presentaci\u00f3n del cartel de la 36\u00aa edici\u00f3n.<\/p>  <p><figure><img decoding=\"async\" src=\"https:\/\/cadenaser.com\/resizer\/BWiYkPEEZRC_4qNjsVFnwqg_w50=\/650x650\/filters:quality(70)\/cloudfront-eu-central-1.images.arcpublishing.com\/prisaradio\/3W62MZQDKNEWDLLNPRLB4R3JRY.jpg\" loading=\"lazy\" width=\"650\" height=\"650\" \/><\/figure><button>Ampliar<\/button><\/p>   <p>El alcalde, Vicente Arques, adem\u00e1s de referirse al festival como uno de los acontecimientos culturales m\u00e1s relevantes, reivindic\u00f3 el papel del mismo a lo largo de su ya dilatada historia, como reclamo tur\u00edstico de primer orden. La Ministra de Ciencia, Innovaci\u00f3n y Universidades, Diana Morant, tambi\u00e9n ha querido mostrar su apoyo al festival alfasino.<\/p> ","protected":false},"excerpt":{"rendered":"<p>Y da a conocer el cartel de la 36\u00aa edici\u00f3n del Festival de Cine<\/p>\n","protected":false},"author":0,"featured_media":1762,"comment_status":"open","ping_status":"open","sticky":false,"template":"","format":"standard","meta":{"_acf_changed":false,"footnotes":""},"categories":[1],"tags":[],"class_list":["post-1761","post","type-post","status-publish","format-standard","has-post-thumbnail","hentry","category-sin-categoria"],"acf":{"ser_id":"CR3RW24QFNAM5GBXMOP62RYENU","ser_url":"https:\/\/cadenaser.com\/comunitat-valenciana\/2024\/01\/26\/lalfas-del-pi-se-presenta-en-fitur-como-sede-del-congreso-internacional-bandera-azul-2024-radio-benidorm\/"},"_links":{"self":[{"href":"https:\/\/serbenidorm.daliisolutions.com\/index.php\/wp-json\/wp\/v2\/posts\/1761","targetHints":{"allow":["GET"]}}],"collection":[{"href":"https:\/\/serbenidorm.daliisolutions.com\/index.php\/wp-json\/wp\/v2\/posts"}],"about":[{"href":"https:\/\/serbenidorm.daliisolutions.com\/index.php\/wp-json\/wp\/v2\/types\/post"}],"replies":[{"embeddable":true,"href":"https:\/\/serbenidorm.daliisolutions.com\/index.php\/wp-json\/wp\/v2\/comments?post=1761"}],"version-history":[{"count":0,"href":"https:\/\/serbenidorm.daliisolutions.com\/index.php\/wp-json\/wp\/v2\/posts\/1761\/revisions"}],"wp:featuredmedia":[{"embeddable":true,"href":"https:\/\/serbenidorm.daliisolutions.com\/index.php\/wp-json\/wp\/v2\/media\/1762"}],"wp:attachment":[{"href":"https:\/\/serbenidorm.daliisolutions.com\/index.php\/wp-json\/wp\/v2\/media?parent=1761"}],"wp:term":[{"taxonomy":"category","embeddable":true,"href":"https:\/\/serbenidorm.daliisolutions.com\/index.php\/wp-json\/wp\/v2\/categories?post=1761"},{"taxonomy":"post_tag","embeddable":true,"href":"https:\/\/serbenidorm.daliisolutions.com\/index.php\/wp-json\/wp\/v2\/tags?post=1761"}],"curies":[{"name":"wp","href":"https:\/\/api.w.org\/{rel}","templated":true}]}}