{"id":1763,"date":"2024-01-26T13:44:21","date_gmt":"2024-01-26T12:44:21","guid":{"rendered":"https:\/\/serbenidorm.daliisolutions.com\/index.php\/2024\/01\/26\/felipe-orts-encara-el-sprint-final-de-la-temporada-con-la-vista-puesta-en-tabor\/"},"modified":"2024-01-26T13:44:21","modified_gmt":"2024-01-26T12:44:21","slug":"felipe-orts-encara-el-sprint-final-de-la-temporada-con-la-vista-puesta-en-tabor","status":"publish","type":"post","link":"https:\/\/serbenidorm.daliisolutions.com\/index.php\/2024\/01\/26\/felipe-orts-encara-el-sprint-final-de-la-temporada-con-la-vista-puesta-en-tabor\/","title":{"rendered":"Felipe Orts encara el sprint final de la temporada con la vista puesta en T\u00e1bor"},"content":{"rendered":"  <p>Benidorm<\/p>   <p>Tras haber encadenado dos fines de semana de ensue\u00f1o en los que ha logrado su sexto t\u00edtulo de campe\u00f3n de Espa\u00f1a consecutivo en la localidad alavesa de Amurrio y la magn\u00edfica octava plaza de la Copa del Mundo de Benidorm, el vilero Felipe Orts afronta ya la fase final de su temporada invernal con la doble cita que le llevar\u00e1 a los circuitos de Hamme (B\u00e9lgica), sexta puntuable del Trofeo X2O, y Hoogerheide (Pa\u00edses Bajos), donde el domingo se disputar\u00e1 la \u00faltima prueba valedera para la Copa del Mundo. Y todo, s\u00f3lo una semana antes del \u00faltimo gran examen del a\u00f1o: el campeonato del Mundo de T\u00e1bor (Rep\u00fablica Checa).<\/p>   <p>La primera de esas citas tendr\u00e1 lugar ma\u00f1ana s\u00e1bado. Tras un a\u00f1o de ausencia, el corredor del La Vila Joiosa-N\u00e9teo regresar\u00e1 a la localidad belga de Hamme, donde en la temporada 2020-2021 sum\u00f3 la novena posici\u00f3n.<\/p>   <p>En cuanto a la otra cita del fin de semana, la dominical de Hoogerheide, Orts se enfrentar\u00e1 a un circuito en el que hist\u00f3ricamente no ha podido conseguir grandes resultados. La \u00faltima vez que estuvo all\u00ed fue, precisamente, el pasado a\u00f1o cuando el trazado neerland\u00e9s acogi\u00f3 la disputa del Mundial del que sali\u00f3 victorioso el gran h\u00e9roe local, Mathieu Van der Poel, con el espa\u00f1ol terminando en la 19\u00aa posici\u00f3n.<\/p>   <p>Antes de eso, y siempre formando parte de la Copa del Mundo, el mejor papel de Orts all\u00ed se produjo en el a\u00f1o de su primera aparici\u00f3n, 2016, todav\u00eda como Sub-23, cuando termin\u00f3 d\u00e9cimo. Ya en la categor\u00eda Elite, su mejor actuaci\u00f3n la consigui\u00f3 en su campa\u00f1a de debut, cuando fue 16\u00ba.<\/p>   <p>En cualquier caso, y tras superar con nota ese doble examen de Amurrio y Benidorm, Felipe Orts podr\u00e1 tomarse este fin de semana como un escal\u00f3n preparatorio para esa \u00faltima gran cita de su campa\u00f1a que espera el d\u00eda 4 de febrero en el circuito checo de T\u00e1bor, donde se pondr\u00e1 en juego el t\u00edtulo de campe\u00f3n del mundo.<\/p> ","protected":false},"excerpt":{"rendered":"<p>El ciclista de La Vila Joiosa-N\u00e9teo har\u00e1 doblete con las pruebas de Hamme (B\u00e9lgica) y Hoogerheide (Pa\u00edses Bajos)<\/p>\n","protected":false},"author":0,"featured_media":1764,"comment_status":"open","ping_status":"open","sticky":false,"template":"","format":"standard","meta":{"_acf_changed":false,"footnotes":""},"categories":[16],"tags":[],"class_list":["post-1763","post","type-post","status-publish","format-standard","has-post-thumbnail","hentry","category-deportes"],"acf":{"ser_id":"I2JTS3QDBNGWVEZG7F3CYQSRGA","ser_url":"https:\/\/cadenaser.com\/comunitat-valenciana\/2024\/01\/26\/felipe-orts-encara-el-sprint-final-de-la-temporada-con-la-vista-puesta-en-tabor-radio-benidorm\/"},"_links":{"self":[{"href":"https:\/\/serbenidorm.daliisolutions.com\/index.php\/wp-json\/wp\/v2\/posts\/1763","targetHints":{"allow":["GET"]}}],"collection":[{"href":"https:\/\/serbenidorm.daliisolutions.com\/index.php\/wp-json\/wp\/v2\/posts"}],"about":[{"href":"https:\/\/serbenidorm.daliisolutions.com\/index.php\/wp-json\/wp\/v2\/types\/post"}],"replies":[{"embeddable":true,"href":"https:\/\/serbenidorm.daliisolutions.com\/index.php\/wp-json\/wp\/v2\/comments?post=1763"}],"version-history":[{"count":0,"href":"https:\/\/serbenidorm.daliisolutions.com\/index.php\/wp-json\/wp\/v2\/posts\/1763\/revisions"}],"wp:featuredmedia":[{"embeddable":true,"href":"https:\/\/serbenidorm.daliisolutions.com\/index.php\/wp-json\/wp\/v2\/media\/1764"}],"wp:attachment":[{"href":"https:\/\/serbenidorm.daliisolutions.com\/index.php\/wp-json\/wp\/v2\/media?parent=1763"}],"wp:term":[{"taxonomy":"category","embeddable":true,"href":"https:\/\/serbenidorm.daliisolutions.com\/index.php\/wp-json\/wp\/v2\/categories?post=1763"},{"taxonomy":"post_tag","embeddable":true,"href":"https:\/\/serbenidorm.daliisolutions.com\/index.php\/wp-json\/wp\/v2\/tags?post=1763"}],"curies":[{"name":"wp","href":"https:\/\/api.w.org\/{rel}","templated":true}]}}