{"id":1801,"date":"2024-01-29T10:24:15","date_gmt":"2024-01-29T09:24:15","guid":{"rendered":"https:\/\/serbenidorm.daliisolutions.com\/index.php\/2024\/01\/29\/mas-de-400-agentes-velaran-por-la-seguridad-del-benidorm-fest-2024\/"},"modified":"2024-01-29T10:24:15","modified_gmt":"2024-01-29T09:24:15","slug":"mas-de-400-agentes-velaran-por-la-seguridad-del-benidorm-fest-2024","status":"publish","type":"post","link":"https:\/\/serbenidorm.daliisolutions.com\/index.php\/2024\/01\/29\/mas-de-400-agentes-velaran-por-la-seguridad-del-benidorm-fest-2024\/","title":{"rendered":"M\u00e1s de 400 agentes velar\u00e1n por la seguridad del Benidorm Fest 2024"},"content":{"rendered":"  <p>Benidorm<\/p>   <p>M\u00e1s de 400 agentes velar\u00e1n por la seguridad de la <a href=\"https:\/\/cadenaser.com\/tag\/benidorm_fest\/a\/\" target=\"_blank\" rel=\"noopener\">tercera edici\u00f3n del Benidorm Fest<\/a>, un certamen del que sale el aspirante de Espa\u00f1a al festival de la canci\u00f3n de Eurovisi\u00f3n y que se celebrar\u00e1 la pr\u00f3xima semana en la capital de la Costa Blanca.<\/p>   <p>El dispositivo de seguridad estar\u00e1 integrado por m\u00e1s de 300 agentes de la Polic\u00eda Nacional, unos 25 de la Unidad de la Polic\u00eda Nacional adscrita a la Comunitat Valenciana, efectivos de la Guardia Civil y aproximadamente un centenar de agentes de la Polic\u00eda Local.<\/p>  <p><p>M\u00e1s informaci\u00f3n<\/p><figure><img decoding=\"async\" src=\"https:\/\/cadenaser.com\/resizer\/NHqIqbCWXtOXYu2W9RXyc8PHN7w=\/650x366\/filters:quality(70)\/cloudfront-eu-central-1.images.arcpublishing.com\/prisaradio\/3ZHI4DB3WNB67PWAVYRTKDPVBA.JPG\" loading=\"lazy\" width=\"828\" height=\"621\" \/><\/figure><ul><li><a href=\"https:\/\/cadenaser.com\/comunitat-valenciana\/2024\/01\/24\/el-benidorm-fest-cambia-de-jurado-a-una-semana-de-la-primera-semifinal-radio-benidorm\/\">El Benidorm Fest cambia de jurado a una semana de la primera semifinal<\/a><\/li><\/ul><\/p>   <p>El subdelegado del Gobierno en la provincia de Alicante, Juan Antonio Nieves, presid\u00eda el pasado viernes la reuni\u00f3n de coordinaci\u00f3n de seguridad con motivo del evento.<\/p>   <p>En la reuni\u00f3n, a la que han asistido responsables de RTVE, el comisario jefe de la Polic\u00eda Nacional de Alicante, Manuel Lafuente; el coronel, jefe de la Comandancia de la Guardia Civil, Jos\u00e9 Hern\u00e1ndez; la jefa de la Unidad de la Polic\u00eda Nacional adscrita a la Comunitat, Mar\u00eda Luisa Rodr\u00edguez, y el intendente jefe de la Polic\u00eda Local de Benidorm, Luis Mart\u00edn, as\u00ed como representantes del Ayuntamiento benidormense, se ha puesto de manifiesto \u00abla excelente colaboraci\u00f3n existente entre todos los implicados a la hora de velar por la seguridad\u00bb, seg\u00fan fuentes de la Subdelegaci\u00f3n.<\/p>   <p>El subdelegado del Gobierno ha destacado que \u201cse trata uno de los eventos m\u00e1s importantes de la Comunitat Valenciana, que permite  posicionar a Benidorm y, por supuesto, a la provincia de Alicante como referentes nacionales e internacionales y que puede desarrollarse con seguridad gracias al excelente trabajo de las Fuerzas y Cuerpos de Seguridad del Estado y la Polic\u00eda Local\u201d. <\/p> ","protected":false},"excerpt":{"rendered":"<p>Tras dos ediciones en las que apenas hubo incidentes<\/p>\n","protected":false},"author":0,"featured_media":1802,"comment_status":"open","ping_status":"open","sticky":false,"template":"","format":"standard","meta":{"_acf_changed":false,"footnotes":""},"categories":[1],"tags":[],"class_list":["post-1801","post","type-post","status-publish","format-standard","has-post-thumbnail","hentry","category-sin-categoria"],"acf":{"ser_id":"GHXZ6C4BYBBFVECVAPSJ4GHGGY","ser_url":"https:\/\/cadenaser.com\/comunitat-valenciana\/2024\/01\/29\/mas-de-400-agentes-velaran-por-la-seguridad-del-benidorm-fest-2024-radio-benidorm\/"},"_links":{"self":[{"href":"https:\/\/serbenidorm.daliisolutions.com\/index.php\/wp-json\/wp\/v2\/posts\/1801","targetHints":{"allow":["GET"]}}],"collection":[{"href":"https:\/\/serbenidorm.daliisolutions.com\/index.php\/wp-json\/wp\/v2\/posts"}],"about":[{"href":"https:\/\/serbenidorm.daliisolutions.com\/index.php\/wp-json\/wp\/v2\/types\/post"}],"replies":[{"embeddable":true,"href":"https:\/\/serbenidorm.daliisolutions.com\/index.php\/wp-json\/wp\/v2\/comments?post=1801"}],"version-history":[{"count":0,"href":"https:\/\/serbenidorm.daliisolutions.com\/index.php\/wp-json\/wp\/v2\/posts\/1801\/revisions"}],"wp:featuredmedia":[{"embeddable":true,"href":"https:\/\/serbenidorm.daliisolutions.com\/index.php\/wp-json\/wp\/v2\/media\/1802"}],"wp:attachment":[{"href":"https:\/\/serbenidorm.daliisolutions.com\/index.php\/wp-json\/wp\/v2\/media?parent=1801"}],"wp:term":[{"taxonomy":"category","embeddable":true,"href":"https:\/\/serbenidorm.daliisolutions.com\/index.php\/wp-json\/wp\/v2\/categories?post=1801"},{"taxonomy":"post_tag","embeddable":true,"href":"https:\/\/serbenidorm.daliisolutions.com\/index.php\/wp-json\/wp\/v2\/tags?post=1801"}],"curies":[{"name":"wp","href":"https:\/\/api.w.org\/{rel}","templated":true}]}}