{"id":1809,"date":"2024-01-29T11:39:48","date_gmt":"2024-01-29T10:39:48","guid":{"rendered":"https:\/\/serbenidorm.daliisolutions.com\/index.php\/2024\/01\/29\/agenda-para-no-perderse-nada-en-el-benidorm-fest-2024-euroclub-y-conciertos-en-la-ciudad\/"},"modified":"2024-01-29T11:39:48","modified_gmt":"2024-01-29T10:39:48","slug":"agenda-para-no-perderse-nada-en-el-benidorm-fest-2024-euroclub-y-conciertos-en-la-ciudad","status":"publish","type":"post","link":"https:\/\/serbenidorm.daliisolutions.com\/index.php\/2024\/01\/29\/agenda-para-no-perderse-nada-en-el-benidorm-fest-2024-euroclub-y-conciertos-en-la-ciudad\/","title":{"rendered":"Agenda para no perderse nada en el Benidorm Fest 2024: Euroclub y conciertos en la ciudad"},"content":{"rendered":"  <p>Benidorm<\/p>   <p>El Benidorm Fest es m\u00e1s que tres galas televisadas para elegir al representante espa\u00f1ol en Eurovisi\u00f3n y se ha convertido ya en <a href=\"https:\/\/cadenaser.com\/tag\/benidorm\/a\/\" target=\"_blank\" rel=\"noopener\">un aut\u00e9ntico revulsivo para la capital tur\u00edstica en plena temporada baja<\/a>. As\u00ed, a las dos semifinales y la final del festival se suman multitud de actividades complementarias para los vecinos y los fans que se desplazan la \u00faltima semana de enero hasta la ciudad.<\/p>   <p>As\u00ed, en la Gala de Presentaci\u00f3n que se celebrar\u00e1 el domingo d\u00eda 28 de enero a las 21:30 h. en la sala de fiestas Benidorm Palace actuar\u00e1n Blanca Paloma y Sandra Valero. Adem\u00e1s acudir\u00e1n todos los concursantes que van a participar en las galas de la edici\u00f3n de este a\u00f1o, seg\u00fan ha confirmado en Hoy por Hoy Benidorm el edil de Eventos, Jes\u00fas Carrobles, que tambi\u00e9n deslizaba \u201calguna sorpresa m\u00e1s que nos queda por dar\u201d.<\/p>   <p>El mi\u00e9rcoles 31 de enero actuar\u00e1n en una de las fiestas del Euroclub Megara, Sof\u00eda Mart\u00edn, Meler y muchos de los preseleccionados que no consiguieron entrar en las semifinales del Benidorm Fest. Esta fiesta del Euroclub se celebrar\u00e1 a las 21.30 horas en la discoteca KU y servir\u00e1 tambi\u00e9n para que estos artistas \u201ctengan una oportunidad de darse a conocer y de que suenen sus canciones\u201d, ha a\u00f1adido Carrobles.<\/p>  <p><p>M\u00e1s informaci\u00f3n<\/p><figure><img decoding=\"async\" src=\"https:\/\/cadenaser.com\/resizer\/gYRowzaWVQ786NUCegVv6aCBH8A=\/650x366\/filters:quality(70):focal(793x223:803x233)\/cloudfront-eu-central-1.images.arcpublishing.com\/prisaradio\/3DOYFU2NBBFLNFEHBLL63C4S6A.jpeg\" loading=\"lazy\" width=\"828\" height=\"621\" \/><\/figure><ul><li><a href=\"https:\/\/cadenaser.com\/nacional\/2024\/01\/09\/ruth-lorenzo-marc-caldero-y-ana-pradas-nuevos-presentadores-del-benidorm-fest-2024-cadena-ser\/\">Ruth Lorenzo, Marc Calder\u00f3 y Ana Prada, nuevos presentadores del Benidorm Fest 2024<\/a><\/li><\/ul><\/p>   <p>Las galas del Benidorm Fest, tanto las dos semifinales del 30 de enero y el 1 de febrero como la gran final de s\u00e1bado 3 de febrero, se retransmitir\u00e1n en las pantallas gigantes de los bares y pubs de la playa de Levante.<\/p>   <p>En el tecnohito de la Plaza Triangular tambi\u00e9n se podr\u00e1n seguir la segunda gala y la final, jueves y s\u00e1bado, aunque el principal evento que acoger\u00e1 esta c\u00e9ntrica plaza es <a href=\"https:\/\/cadenaser.com\/tag\/benidorm_fest\/a\/\" target=\"_blank\" rel=\"noopener\">una Gala Internacional, el viernes 2 de febrero, con la participaci\u00f3n de los no clasificados para la final y ex concursantes del festival como Gonzalo Hemirda o Sharonne<\/a>.<\/p>   <p>Todo ello para dar la oportunidad a los eurofans de vivir el festival aunque no hayan conseguido entrada para las galas que se celebrar\u00e1n en el Palau d\u2019Esports L\u2019Illa de Benidorm. \u201cNo hace falta entrada al Palau para vivir el Benidorm Fest\u201d.<\/p>   <p>Entradas vendidas en Europa<\/p>   <p>De hecho el aforo de 2.500 personas para cualquiera de las tres galas est\u00e1n completo. \u201cYa no queda ni una entrada porque se se agotaron en dos minutos y medio\u201d, se\u00f1ala el edil.<\/p>   <p>Desde el festival aseguran que, durante los escasos minutos que dur\u00f3 la venta de localidades, \u201cestuvimos cercanos al mill\u00f3n de clicks para la compra de entradas desde toda Europa\u201d.<\/p>   <p>Han comprado entradas eurofans de Luxemburgo, Suiza o B\u00e9lgica. \u201cY si tuvi\u00e9ramos un recinto para 10.000 personas, lo llen\u00e1bamos\u201d, ha estimado Carrobles.<\/p>   <p>Benidorm y San Remo, una colaboraci\u00f3n por explorar<\/p>   <p>El Benidorm Fest inicia colaboraci\u00f3n con el <a href=\"https:\/\/cadenaser.com\/tag\/festival_eurovision\/a\/\" target=\"_blank\" rel=\"noopener\">Festival de San Remo<\/a> en Italia. El Ayuntamiento acudir\u00e1 a dos de las galas de esta cl\u00e1sica preselecci\u00f3n de Eurovisi\u00f3n en representaci\u00f3n de la espa\u00f1ola para \u201cempezar a trabajar juntos\u201d, ha anunciado Carrobles quien tambi\u00e9n ha adelantado que los detalles de la colaboraci\u00f3n entre ambos festivales se \u201cir\u00e1n desvelando poco a poco\u201d a medida que est\u00e9n cerrados los acuerdos.<\/p> ","protected":false},"excerpt":{"rendered":"<p>Blanca Paloma, Sandra Valero o Gonzalo Hermida participar\u00e1n en las actividades complementarias del evento | Benidorm acudir\u00e1 a  San Remo para cerrar una colaboraci\u00f3n entre ambos festivales<\/p>\n","protected":false},"author":0,"featured_media":1810,"comment_status":"open","ping_status":"open","sticky":false,"template":"","format":"standard","meta":{"_acf_changed":false,"footnotes":""},"categories":[1],"tags":[],"class_list":["post-1809","post","type-post","status-publish","format-standard","has-post-thumbnail","hentry","category-sin-categoria"],"acf":{"ser_id":"FJYLSOFPFJBJPAY5IUQHJVVJOM","ser_url":"https:\/\/cadenaser.com\/comunitat-valenciana\/2024\/01\/10\/el-benidorm-fest-acudira-al-festival-de-san-remo-para-cerrar-una-colaboracion-entre-ambos-eventos-radio-benidorm\/"},"_links":{"self":[{"href":"https:\/\/serbenidorm.daliisolutions.com\/index.php\/wp-json\/wp\/v2\/posts\/1809","targetHints":{"allow":["GET"]}}],"collection":[{"href":"https:\/\/serbenidorm.daliisolutions.com\/index.php\/wp-json\/wp\/v2\/posts"}],"about":[{"href":"https:\/\/serbenidorm.daliisolutions.com\/index.php\/wp-json\/wp\/v2\/types\/post"}],"replies":[{"embeddable":true,"href":"https:\/\/serbenidorm.daliisolutions.com\/index.php\/wp-json\/wp\/v2\/comments?post=1809"}],"version-history":[{"count":0,"href":"https:\/\/serbenidorm.daliisolutions.com\/index.php\/wp-json\/wp\/v2\/posts\/1809\/revisions"}],"wp:featuredmedia":[{"embeddable":true,"href":"https:\/\/serbenidorm.daliisolutions.com\/index.php\/wp-json\/wp\/v2\/media\/1810"}],"wp:attachment":[{"href":"https:\/\/serbenidorm.daliisolutions.com\/index.php\/wp-json\/wp\/v2\/media?parent=1809"}],"wp:term":[{"taxonomy":"category","embeddable":true,"href":"https:\/\/serbenidorm.daliisolutions.com\/index.php\/wp-json\/wp\/v2\/categories?post=1809"},{"taxonomy":"post_tag","embeddable":true,"href":"https:\/\/serbenidorm.daliisolutions.com\/index.php\/wp-json\/wp\/v2\/tags?post=1809"}],"curies":[{"name":"wp","href":"https:\/\/api.w.org\/{rel}","templated":true}]}}