{"id":1811,"date":"2024-01-29T11:39:48","date_gmt":"2024-01-29T10:39:48","guid":{"rendered":"https:\/\/serbenidorm.daliisolutions.com\/index.php\/2024\/01\/29\/el-tm-benidorm-cae-por-la-minima-ante-puente-genil\/"},"modified":"2024-01-29T11:39:48","modified_gmt":"2024-01-29T10:39:48","slug":"el-tm-benidorm-cae-por-la-minima-ante-puente-genil","status":"publish","type":"post","link":"https:\/\/serbenidorm.daliisolutions.com\/index.php\/2024\/01\/29\/el-tm-benidorm-cae-por-la-minima-ante-puente-genil\/","title":{"rendered":"El TM Benidorm cae por la m\u00ednima ante Puente Genil"},"content":{"rendered":"  <p>Benidorm<\/p>   <p>El TM Benidorm afront\u00f3 el pasado viernes uno de sus \u00faltimos y m\u00e1s importantes ex\u00e1menes antes de retomar el d\u00eda 4 de febrero (17:00 horas) la Liga Asobal con el enfrentamiento que medir\u00e1 al equipo del Palau d\u2019Esports (que tendr\u00e1 que jugar como local en la cancha del Agustinos de Alicante) con el Blendio Sinf\u00edn c\u00e1ntabro. Lo hizo en Mutxamel en un amistoso de alto nivel frente a Puente Genil, otro equipo de la m\u00e1xima categor\u00eda del balonmano espa\u00f1ol, y que se impuso a los de Sergio Carballeira por un ajustad\u00edsimo 28-27.<\/p>   <p>En cualquier caso, tal y como ya asegur\u00f3 el capit\u00e1n del equipo, Pablo \u2018Colo\u2019 Vainstein en la previa en SER Deportivos Marina Baixa, el partido ante el conjunto andaluz deb\u00eda servir para terminar de engrasar la maquinaria del equipo antes de que el pr\u00f3ximo fin de semana arranque la segunda vuelta liguera.<\/p>   <p>Por ello, y teniendo en cuenta que el grueso de los internacionales argentinos se hab\u00edan reincorporado a la disciplina benidormense apenas unos d\u00edas antes, esta derrota no ha despertado preocupaci\u00f3n alguna en el seno del TM Benidorm que ahora espera poder contar con el apoyo de su propia afici\u00f3n el pr\u00f3ximo domingo en la cancha alicantina.<\/p>   <p><b>Derrota del Primera Nacional Masculina<\/b><\/p>   <p>Por su parte, el Servigroup Benidorm de Primera Nacional masculina no pudo, pese a estar muy cerca de ello, sumar la que hubiese sido su primer triunfo de la temporada en el partido ante la Asociaci\u00f3n Abaranera.<\/p>   <p>Los benidormenses, eso s\u00ed, dieron muy buenas sensaciones hasta el punto de haberse marchado al descanso por delante en el marcador (10-13), aunque el empuje local en la segunda mitad permiti\u00f3 al conjunto murciano darle la vuelta al marcador y llevarse los dos puntos por un resultado final de 28-23.<\/p>   <p><b>El Servigroup Benidorm femenino da buenas sensaciones<\/b><\/p>   <p>Otro equipo que est\u00e1 dando cada semana mejores sensaciones aunque, por el momento, sigue sin poder reencontrarse con el triunfo es el Servigroup Benidorm de Divisi\u00f3n de Honor Plata femenino, que recib\u00eda en el Pabell\u00f3n Garganes al Mislata, l\u00edder intratable del grupo y que a punto estuvo de llevarse un serio varapalo ante el equipo de Iker D\u00edaz.<\/p>   <p>Finalmente, y en un choque realmente mucho m\u00e1s igualado de lo que podr\u00eda esperarse habida cuenta de la diferencia existente en la clasificaci\u00f3n entre ambos equipos, Mislata acab\u00f3 sumando los dos puntos por un resultado final de 21-24 que, eso s\u00ed, sigue reforzando a las de Benidorm de cara a lo que todav\u00eda est\u00e1 por venir.<\/p> ","protected":false},"excerpt":{"rendered":"<p>El equipo de Sergio Carballeira volver\u00e1 a la competici\u00f3n en Liga Asobal el pr\u00f3ximo domingo en Alicante<\/p>\n","protected":false},"author":0,"featured_media":1812,"comment_status":"open","ping_status":"open","sticky":false,"template":"","format":"standard","meta":{"_acf_changed":false,"footnotes":""},"categories":[16],"tags":[],"class_list":["post-1811","post","type-post","status-publish","format-standard","has-post-thumbnail","hentry","category-deportes"],"acf":{"ser_id":"LP6ZPB7MK5BGJO2LBOTJD44X6Y","ser_url":"https:\/\/cadenaser.com\/comunitat-valenciana\/2024\/01\/29\/el-tm-benidorm-cae-por-la-minima-ante-puente-genil-radio-benidorm\/"},"_links":{"self":[{"href":"https:\/\/serbenidorm.daliisolutions.com\/index.php\/wp-json\/wp\/v2\/posts\/1811","targetHints":{"allow":["GET"]}}],"collection":[{"href":"https:\/\/serbenidorm.daliisolutions.com\/index.php\/wp-json\/wp\/v2\/posts"}],"about":[{"href":"https:\/\/serbenidorm.daliisolutions.com\/index.php\/wp-json\/wp\/v2\/types\/post"}],"replies":[{"embeddable":true,"href":"https:\/\/serbenidorm.daliisolutions.com\/index.php\/wp-json\/wp\/v2\/comments?post=1811"}],"version-history":[{"count":0,"href":"https:\/\/serbenidorm.daliisolutions.com\/index.php\/wp-json\/wp\/v2\/posts\/1811\/revisions"}],"wp:featuredmedia":[{"embeddable":true,"href":"https:\/\/serbenidorm.daliisolutions.com\/index.php\/wp-json\/wp\/v2\/media\/1812"}],"wp:attachment":[{"href":"https:\/\/serbenidorm.daliisolutions.com\/index.php\/wp-json\/wp\/v2\/media?parent=1811"}],"wp:term":[{"taxonomy":"category","embeddable":true,"href":"https:\/\/serbenidorm.daliisolutions.com\/index.php\/wp-json\/wp\/v2\/categories?post=1811"},{"taxonomy":"post_tag","embeddable":true,"href":"https:\/\/serbenidorm.daliisolutions.com\/index.php\/wp-json\/wp\/v2\/tags?post=1811"}],"curies":[{"name":"wp","href":"https:\/\/api.w.org\/{rel}","templated":true}]}}