{"id":1813,"date":"2024-01-29T13:14:39","date_gmt":"2024-01-29T12:14:39","guid":{"rendered":"https:\/\/serbenidorm.daliisolutions.com\/index.php\/2024\/01\/29\/felipe-orts-ilusiona-en-hoogerheide-de-cara-al-mundial\/"},"modified":"2024-01-29T13:14:39","modified_gmt":"2024-01-29T12:14:39","slug":"felipe-orts-ilusiona-en-hoogerheide-de-cara-al-mundial","status":"publish","type":"post","link":"https:\/\/serbenidorm.daliisolutions.com\/index.php\/2024\/01\/29\/felipe-orts-ilusiona-en-hoogerheide-de-cara-al-mundial\/","title":{"rendered":"Felipe Orts ilusiona en Hoogerheide de cara al Mundial"},"content":{"rendered":"  <p>Benidorm<\/p>   <p>A una semana de la disputa del campeonato del mundo de T\u00e1bor (Rep\u00fablica Checa), el ciclista vilero <a href=\"https:\/\/cadenaser.com\/tag\/felipe_orts_lloret\/a\/\" target=\"_blank\" rel=\"noopener\">Felipe Orts<\/a> ha completado <a href=\"https:\/\/cadenaser.com\/comunitat-valenciana\/2024\/01\/26\/felipe-orts-encara-el-sprint-final-de-la-temporada-con-la-vista-puesta-en-tabor-radio-benidorm\/\" target=\"_blank\" rel=\"noopener\">un magn\u00edfico fin de semana<\/a> en el que, tras sufrir una inoportuna ca\u00edda en la carrera disputada el s\u00e1bado en Hamme (B\u00e9lgica), ha sumado un doble top10 especialmente ilusionante tras la novena plaza obtenida el domingo en la \u00faltima cita puntuable para la Copa del Mundo celebrada en la localidad neerlandesa de Hoogerheide.<\/p>   <p>En la prueba del s\u00e1bado Orts tuvo una mala salida que le oblig\u00f3 a activar el \u2018modo remontada\u2019 en una carrera en la que, una vez m\u00e1s, <a href=\"https:\/\/cadenaser.com\/tag\/felipe_orts_lloret\/a\/\" target=\"_blank\" rel=\"noopener\">el de La Vila Joiosa-N\u00e9teo<\/a> demostr\u00f3 no s\u00f3lo su gran dominio t\u00e9cnico sobre la bicicleta, sino tambi\u00e9n su indudable capacidad de gestionar los esfuerzos en cada momento de la jornada.<\/p>   <p><a href=\"https:\/\/cadenaser.com\/comunitat-valenciana\/2024\/01\/15\/felipe-sexto-de-espana-radio-benidorm\/\" target=\"_blank\" rel=\"noopener\">El seis veces Campe\u00f3n de Espa\u00f1a<\/a> comenzaba a escalar puestos hasta conectar con el grupo puntero, donde rodaban agrupados un total de diez ciclistas. La mala fortuna se cebaba con el vilero, que en una curva se iba al suelo alej\u00e1ndose notablemente de los puestos punteros.<\/p>   <p>Lejos de rendirse, Felipe Orts se pon\u00eda en pie e iniciaba una gran remontada que le hac\u00eda escalar hasta la d\u00e9cima posici\u00f3n antes de cruzar la l\u00ednea de meta.<\/p>   <p><b>Gran carrera en Hoogerheide<\/b><\/p>   <p>En la \u00faltima prueba de la Copa del Mundo, que ten\u00eda lugar el domingo en Hoogerheide (Pa\u00edses Bajos), Orts realizaba una carrera muy s\u00f3lida, siendo muy regular durante toda la prueba. El ciclista vilero rod\u00f3 durante varias vueltas junto a cabeza de carrera en un circuito muy r\u00e1pido y de caracter\u00edsticas similares al que se encontrar\u00e1 la semana que viene en T\u00e1bor.<\/p>   <p>El de La Vila, noveno en la l\u00ednea de meta, cierra una notable Copa del Mundo, donde ha obtenido su mejor clasificaci\u00f3n con su top-5 logrado en Maasmechelen y <a href=\"https:\/\/cadenaser.com\/comunitat-valenciana\/2024\/01\/22\/van-aert-renace-en-el-duelo-a-muerte-bajo-el-sol-de-benidorm-radio-benidorm\/\" target=\"_blank\" rel=\"noopener\">ha deslumbrado en pruebas como la de Benidorm<\/a>.<\/p>   <p>Ahora, Orts encara ya el tramo final de la temporada de ciclocross con el campeonato del mundo de T\u00e1bor, uno de sus principales objetivos en esta campa\u00f1a donde buscar\u00e1 mejorar sus actuaciones pasadas.<\/p> ","protected":false},"excerpt":{"rendered":"<p>El ciclista de La Vila Joiosa-N\u00e9teo consigue un doble top10 pese a su ca\u00edda en Hamme<\/p>\n","protected":false},"author":0,"featured_media":1814,"comment_status":"open","ping_status":"open","sticky":false,"template":"","format":"standard","meta":{"_acf_changed":false,"footnotes":""},"categories":[16],"tags":[],"class_list":["post-1813","post","type-post","status-publish","format-standard","has-post-thumbnail","hentry","category-deportes"],"acf":{"ser_id":"YT3KDEI3OFHTBHQBTPCESHJYKY","ser_url":"https:\/\/cadenaser.com\/comunitat-valenciana\/2024\/01\/29\/felipe-orts-ilusiona-en-hoogerheide-de-cara-al-mundial-radio-benidorm\/"},"_links":{"self":[{"href":"https:\/\/serbenidorm.daliisolutions.com\/index.php\/wp-json\/wp\/v2\/posts\/1813","targetHints":{"allow":["GET"]}}],"collection":[{"href":"https:\/\/serbenidorm.daliisolutions.com\/index.php\/wp-json\/wp\/v2\/posts"}],"about":[{"href":"https:\/\/serbenidorm.daliisolutions.com\/index.php\/wp-json\/wp\/v2\/types\/post"}],"replies":[{"embeddable":true,"href":"https:\/\/serbenidorm.daliisolutions.com\/index.php\/wp-json\/wp\/v2\/comments?post=1813"}],"version-history":[{"count":0,"href":"https:\/\/serbenidorm.daliisolutions.com\/index.php\/wp-json\/wp\/v2\/posts\/1813\/revisions"}],"wp:featuredmedia":[{"embeddable":true,"href":"https:\/\/serbenidorm.daliisolutions.com\/index.php\/wp-json\/wp\/v2\/media\/1814"}],"wp:attachment":[{"href":"https:\/\/serbenidorm.daliisolutions.com\/index.php\/wp-json\/wp\/v2\/media?parent=1813"}],"wp:term":[{"taxonomy":"category","embeddable":true,"href":"https:\/\/serbenidorm.daliisolutions.com\/index.php\/wp-json\/wp\/v2\/categories?post=1813"},{"taxonomy":"post_tag","embeddable":true,"href":"https:\/\/serbenidorm.daliisolutions.com\/index.php\/wp-json\/wp\/v2\/tags?post=1813"}],"curies":[{"name":"wp","href":"https:\/\/api.w.org\/{rel}","templated":true}]}}