{"id":1829,"date":"2024-01-29T15:24:06","date_gmt":"2024-01-29T14:24:06","guid":{"rendered":"https:\/\/serbenidorm.daliisolutions.com\/index.php\/2024\/01\/29\/consorci-mare-habilitara-dos-eco-parques-moviles-con-educadores-ambientales-para-las-dos-marinas\/"},"modified":"2024-01-29T15:24:06","modified_gmt":"2024-01-29T14:24:06","slug":"consorci-mare-habilitara-dos-eco-parques-moviles-con-educadores-ambientales-para-las-dos-marinas","status":"publish","type":"post","link":"https:\/\/serbenidorm.daliisolutions.com\/index.php\/2024\/01\/29\/consorci-mare-habilitara-dos-eco-parques-moviles-con-educadores-ambientales-para-las-dos-marinas\/","title":{"rendered":"Consorci Mare habilitar\u00e1 dos eco parques m\u00f3viles con educadores ambientales para las dos Marinas"},"content":{"rendered":"  <p>Benidorm<\/p>   <p>El<a href=\"https:\/\/cadenaser.com\/emisora\/2021\/12\/14\/radio_alicante\/1639473445_665047.html\" target=\"_blank\" rel=\"noopener\"> Consorci Mare,<\/a> consorcio de residuos que aglutina las dos Marinas y El Campello,  pondr\u00e1 en marcha a partir de abril dos eco parques m\u00f3viles que dar\u00e1n servicio a los 52 municipios consorciados.  As\u00ed lo ha adelantado el presidente del Consorcio, <a href=\"https:\/\/cadenaser.com\/comunitat-valenciana\/2022\/06\/10\/jose-ramon-gonzalez-de-zarate-mi-padre-puso-las-luces-de-la-avenida-mediterraneo-que-yo-cambie-54-anos-despues-radio-benidorm\/\" target=\"_blank\" rel=\"noopener\">Jos\u00e9 Ram\u00f3n Gonz\u00e1lez de Z\u00e1rate,<\/a> en<a href=\"\/\/radiobenidorm.es\" rel=\"nofollow noopener\" target=\"_blank\"> Hoy por Hoy Benidorm.<\/a><\/p>   <p>Hasta la fecha hab\u00eda un \u00fanico ecoparque m\u00f3vil que prestaba servicio solo de recogida. A partir del segundo trimestre del a\u00f1o se duplicar\u00e1 el n\u00famero de veh\u00edculos a dos y adem\u00e1s estar\u00e1n acompa\u00f1ados de educadores ambientales para informar a los usuarios sobre las distintas tipolog\u00edas de residuos y c\u00f3mo hacer para reciclarlos. \u201cHasta ahora s\u00f3lo ten\u00edamos un ecoparque m\u00f3vil que iba a los municipios que se hab\u00edan solicitado adherirse a la campa\u00f1a, que eran 17, y con un operario para recoger los residuos. A partir del mes de abril los dos ecoparques recorrer\u00e1n todos y cada uno de los 52 municipios y llevar\u00e1n un educador ambiental en cada viaje\u201d ha explicado.<\/p>   <p>Adem\u00e1s tambi\u00e9n est\u00e1 previsto que los eco parques m\u00f3viles visiten los centros de Educaci\u00f3n Primaria y Secundaria de los municipios del Consorcio para \u201ccrear conciencia en los alumnos de la importancia de hacer una separaci\u00f3n de residuos, que conozcan c\u00f3mo funciona el Consorcio y educarlos en valores de sostenibilidad y cuidado y respeto al medio ambiente\u201d.<\/p>   <p>Uno de los ecoparques m\u00f3viles estar\u00e1 asignado a prestar servicio solo a los municipios de la Marina Baixa mientras que el otro recorrer\u00e1 exclusivamente los de la Marina Alta. Adem\u00e1s el Consorcio contratar\u00e1 cuatro educadores ambientales, dos por comarca, que cubrir\u00e1n la parte formativa y did\u00e1ctica. \u201cEste va a ser el a\u00f1o del despegue hacia el Medio Ambiente y la Educaci\u00f3n Ambiental\u201d, ha aseverado el presidente del Consorcio.<\/p>   <p>Gonz\u00e1lez de Z\u00e1rate tambi\u00e9n ha recordado que \u201ctodos los municipios, por ley, est\u00e1n obligados a tener educadores ambientales\u201d pero solo municipios grandes, como Benidorm, estaban en disposici\u00f3n de contratarlos o incluirlos en los pliegos de condiciones de sus contratos de la basura, mientras que otros municipios peque\u00f1os \u201cno tiene recursos para ello y es imposible si no tienen el apoyo de un organismo como el Consorci Mare\u201d.<\/p>   <p>Asimismo, a\u00f1ade que este 2024 uno de los retos es estudiar la posibilidad de financiar o subvencionar la colocaci\u00f3n de contenedores de recogida selectiva en aquellos municipios en los que no hay suficientes y \u201cpoder hacerles tambi\u00e9n la recogida\u201d.<\/p> ","protected":false},"excerpt":{"rendered":"<p>Jos\u00e9 Ram\u00f3n Gonz\u00e1lez de Z\u00e1rate anuncia que estos eco parques tambi\u00e9n recorrer\u00e1n los centros educativos de los 51 municipios que forman parte del Consorcio<\/p>\n","protected":false},"author":0,"featured_media":1830,"comment_status":"open","ping_status":"open","sticky":false,"template":"","format":"standard","meta":{"_acf_changed":false,"footnotes":""},"categories":[1],"tags":[],"class_list":["post-1829","post","type-post","status-publish","format-standard","has-post-thumbnail","hentry","category-sin-categoria"],"acf":{"ser_id":"LU7GF3XNGFBKXMVW7RA2UXMBDU","ser_url":"https:\/\/cadenaser.com\/comunitat-valenciana\/2024\/01\/29\/consorci-mare-habilitara-dos-eco-parques-moviles-con-educadores-ambientales-para-las-dos-marinas-radio-benidorm\/"},"_links":{"self":[{"href":"https:\/\/serbenidorm.daliisolutions.com\/index.php\/wp-json\/wp\/v2\/posts\/1829","targetHints":{"allow":["GET"]}}],"collection":[{"href":"https:\/\/serbenidorm.daliisolutions.com\/index.php\/wp-json\/wp\/v2\/posts"}],"about":[{"href":"https:\/\/serbenidorm.daliisolutions.com\/index.php\/wp-json\/wp\/v2\/types\/post"}],"replies":[{"embeddable":true,"href":"https:\/\/serbenidorm.daliisolutions.com\/index.php\/wp-json\/wp\/v2\/comments?post=1829"}],"version-history":[{"count":0,"href":"https:\/\/serbenidorm.daliisolutions.com\/index.php\/wp-json\/wp\/v2\/posts\/1829\/revisions"}],"wp:featuredmedia":[{"embeddable":true,"href":"https:\/\/serbenidorm.daliisolutions.com\/index.php\/wp-json\/wp\/v2\/media\/1830"}],"wp:attachment":[{"href":"https:\/\/serbenidorm.daliisolutions.com\/index.php\/wp-json\/wp\/v2\/media?parent=1829"}],"wp:term":[{"taxonomy":"category","embeddable":true,"href":"https:\/\/serbenidorm.daliisolutions.com\/index.php\/wp-json\/wp\/v2\/categories?post=1829"},{"taxonomy":"post_tag","embeddable":true,"href":"https:\/\/serbenidorm.daliisolutions.com\/index.php\/wp-json\/wp\/v2\/tags?post=1829"}],"curies":[{"name":"wp","href":"https:\/\/api.w.org\/{rel}","templated":true}]}}