{"id":1831,"date":"2024-01-29T15:24:10","date_gmt":"2024-01-29T14:24:10","guid":{"rendered":"https:\/\/serbenidorm.daliisolutions.com\/index.php\/2024\/01\/29\/rescatados-de-madrugada-dos-senderistas-en-el-puig-campana-de-finestrat\/"},"modified":"2024-01-29T15:24:10","modified_gmt":"2024-01-29T14:24:10","slug":"rescatados-de-madrugada-dos-senderistas-en-el-puig-campana-de-finestrat","status":"publish","type":"post","link":"https:\/\/serbenidorm.daliisolutions.com\/index.php\/2024\/01\/29\/rescatados-de-madrugada-dos-senderistas-en-el-puig-campana-de-finestrat\/","title":{"rendered":"Rescatados de madrugada dos senderistas en el Puig Campana de Finestrat"},"content":{"rendered":"  <p>Finestrat<\/p>   <p>La Guardia Civil, el Consorcio Provincial de Bomberos de Alicante y la Polic\u00eda Local de Finestrat han rescatado esta madrugada a dos senderistas perdidos que<a href=\"https:\/\/cadenaser.com\/tag\/finestrat\/a\/\" target=\"_blank\" rel=\"noopener\"> trataban de descender del pico del monte Puig Campana, en Finestrat<\/a>.<\/p>   <p>La Guardia Civil recibi\u00f3 el aviso a las 22:30 horas de ayer, 28 de enero, cuando la madre de uno de los dos senderistas llam\u00f3 a los servicios de emergencias alertada por su hijo, que la hab\u00eda avisado de que se hab\u00edan perdido mientras trataban de descender de la monta\u00f1a. Durante el descenso se les hab\u00eda hecho de noche y se hab\u00edan desorientado. Adem\u00e1s, se estaban quedando sin bater\u00eda en los tel\u00e9fonos m\u00f3viles.<\/p>  <p><p>M\u00e1s informaci\u00f3n<\/p><figure><img decoding=\"async\" src=\"https:\/\/cadenaser.com\/resizer\/XvKtMD4HLljiui4RRh-4abGmy54=\/650x366\/filters:quality(70)\/cloudfront-eu-central-1.images.arcpublishing.com\/prisaradio\/7DE2DH2ZZBEUTBWTBTSZI7GHYU.JPG\" loading=\"lazy\" width=\"828\" height=\"621\" \/><\/figure><ul><li><a href=\"https:\/\/cadenaser.com\/comunitat-valenciana\/2024\/01\/26\/tres-detenidos-en-benidorm-por-robar-en-domicilios-la-marina-baixa-y-alta-radio-benidorm\/\">Tres detenidos en Benidorm por robar en domicilios de la Marina Baixa y Alta<\/a><\/li><\/ul><\/p>   <p>La llamante no pudo facilitar la localizaci\u00f3n de los dos senderistas extraviados a los agentes, lo que complicaba las labores de rescate. Pero los agentes lograron localizar el ciclomotor en el que se hab\u00edan desplazado hasta el inicio de la ruta, y los equipos de rescate se adentraron en la monta\u00f1a para buscar a la pareja.<\/p>   <p>Ya de madrugada, la Unidad de Drones de la Polic\u00eda Local de Finestrat avist\u00f3 a los dos senderistas fuera de la senda. Eran las 1:50 horas cuando los Agentes del Grupo de Rescate en Monta\u00f1a de la Guardia Civil consigui\u00f3 encontrarse con los dos senderistas, a unos 600 metros de altura. Tras comprobar que se encontraban ilesos, y provisionarlos de agua para que se hidrataran, los han acompa\u00f1ado a pie de regreso hasta su veh\u00edculo. Se trata de un hombre de 33 y una mujer de 26 a\u00f1os que, afortunadamente se encuentran en buen estado de salud.<\/p>   <p>El rescate se ha efectuado de forma conjunta entre el Grupo de Rescate en Monta\u00f1a de la Guardia Civil de Onteniente, el Grupo Especial de Rescate en Altura del Consorcio Provincial de Bomberos de Alicante y la Unidad de Drones de la Polic\u00eda Local de Finestrat.<\/p> ","protected":false},"excerpt":{"rendered":"<p>La madre de uno de los dos senderistas dio la voz de alarma pero no pudo facilitar su ubicaci\u00f3n<\/p>\n","protected":false},"author":0,"featured_media":1832,"comment_status":"open","ping_status":"open","sticky":false,"template":"","format":"standard","meta":{"_acf_changed":false,"footnotes":""},"categories":[1],"tags":[],"class_list":["post-1831","post","type-post","status-publish","format-standard","has-post-thumbnail","hentry","category-sin-categoria"],"acf":{"ser_id":"JL2FIH23VZHGVAIVFBLH6EZUZY","ser_url":"https:\/\/cadenaser.com\/comunitat-valenciana\/2024\/01\/29\/rescatados-de-madrugada-dos-senderistas-en-el-puig-campana-de-finestrat-radio-benidorm\/"},"_links":{"self":[{"href":"https:\/\/serbenidorm.daliisolutions.com\/index.php\/wp-json\/wp\/v2\/posts\/1831","targetHints":{"allow":["GET"]}}],"collection":[{"href":"https:\/\/serbenidorm.daliisolutions.com\/index.php\/wp-json\/wp\/v2\/posts"}],"about":[{"href":"https:\/\/serbenidorm.daliisolutions.com\/index.php\/wp-json\/wp\/v2\/types\/post"}],"replies":[{"embeddable":true,"href":"https:\/\/serbenidorm.daliisolutions.com\/index.php\/wp-json\/wp\/v2\/comments?post=1831"}],"version-history":[{"count":0,"href":"https:\/\/serbenidorm.daliisolutions.com\/index.php\/wp-json\/wp\/v2\/posts\/1831\/revisions"}],"wp:featuredmedia":[{"embeddable":true,"href":"https:\/\/serbenidorm.daliisolutions.com\/index.php\/wp-json\/wp\/v2\/media\/1832"}],"wp:attachment":[{"href":"https:\/\/serbenidorm.daliisolutions.com\/index.php\/wp-json\/wp\/v2\/media?parent=1831"}],"wp:term":[{"taxonomy":"category","embeddable":true,"href":"https:\/\/serbenidorm.daliisolutions.com\/index.php\/wp-json\/wp\/v2\/categories?post=1831"},{"taxonomy":"post_tag","embeddable":true,"href":"https:\/\/serbenidorm.daliisolutions.com\/index.php\/wp-json\/wp\/v2\/tags?post=1831"}],"curies":[{"name":"wp","href":"https:\/\/api.w.org\/{rel}","templated":true}]}}