{"id":1833,"date":"2024-01-29T15:24:11","date_gmt":"2024-01-29T14:24:11","guid":{"rendered":"https:\/\/serbenidorm.daliisolutions.com\/index.php\/2024\/01\/29\/el-benidorm-fest-generara-80-millones-en-publicidad-y-5-en-facturacion-hotelera\/"},"modified":"2024-01-29T15:24:11","modified_gmt":"2024-01-29T14:24:11","slug":"el-benidorm-fest-generara-80-millones-en-publicidad-y-5-en-facturacion-hotelera","status":"publish","type":"post","link":"https:\/\/serbenidorm.daliisolutions.com\/index.php\/2024\/01\/29\/el-benidorm-fest-generara-80-millones-en-publicidad-y-5-en-facturacion-hotelera\/","title":{"rendered":"El Benidorm Fest generar\u00e1 80 millones en publicidad y 5 en facturaci\u00f3n hotelera"},"content":{"rendered":"  <p>Benidorm<\/p>   <p>80 millones de euros en publicidad y 5 millones en facturaci\u00f3n hotelera. Es el impacto econ\u00f3mico que calcula la consellera de Innovaci\u00f3n, Comercio y Turismo, Nuria Montes, del<a href=\"https:\/\/cadenaser.com\/tag\/benidorm_fest\/a\/\" target=\"_blank\" rel=\"noopener\"> Benidorm Fest<\/a> en la ciudad alicantina donde se celebrar\u00e1 desde este martes.<\/p>   <p>Montes ha destacado que las buenas previsiones econ\u00f3micas \u00abno dejan indiferente a nadie\u00bb y ha reivindicado la importancia del festival en el que se escoger\u00e1 al representante espa\u00f1ol en el Festival de Eurovisi\u00f3n. La consellera celebra que vaya a verse \u00abuna importante selecci\u00f3n musical\u00bb. Adem\u00e1s es un evento, seg\u00fan Montes, que ayuda a desestacionalizar el turismo, al tener lugar en temporada baja.<\/p>  <p><p>M\u00e1s informaci\u00f3n<\/p><figure><img decoding=\"async\" src=\"https:\/\/cadenaser.com\/resizer\/-IbI5ftcaNohwx-QD2FRRZlThVQ=\/650x366\/filters:quality(70)\/cloudfront-eu-central-1.images.arcpublishing.com\/prisaradio\/42S2NFVH6RERRHIQJKYZXFVNPM.webp\" loading=\"lazy\" width=\"828\" height=\"621\" \/><\/figure><ul><li><a href=\"https:\/\/cadenaser.com\/comunitat-valenciana\/2024\/01\/10\/el-benidorm-fest-acudira-al-festival-de-san-remo-para-cerrar-una-colaboracion-entre-ambos-eventos-radio-benidorm\/\">Agenda para no perderse nada en el Benidorm Fest 2024: Euroclub y conciertos en la ciudad<\/a><\/li><\/ul><\/p>   <p>Entre las actividades paralelas programadas, la consellera ha desacado Tapafest, la apuesta de la restauraci\u00f3n de Benidorm por acercar al p\u00fablico ofertas de tapa y bebida. <\/p>  <p><p class=\"tit\"><span>Hora 14 Benidorm (29\/01\/2024)<\/span><\/p> <p class=\"emb\"><iframe loading=\"lazy\" src=\"https:\/\/cadenaser.com\/embed\/audio\/460\/cadenaser_benidorm_hora14benidorm_20240129_141700_143000\/\" width=\"100%\" height=\"360\" frameborder=\"0\" allowfullscreen><\/iframe><\/p><\/p>   <p>Y de cara a pr\u00f3ximas ediciones. Montes fija un reto: \u00abPoder ampliar aforos para amplificar el efecto\u00bb. Por su parte, el alcalde Toni P\u00e9rez ha confiado este lunes, durante una visita <a href=\"https:\/\/cadenaser.com\/nacional\/2024\/01\/29\/las-apuestas-del-benidorm-fest-2024-dan-a-dos-artistas-como-claros-favoritos-para-hacerse-con-el-microfono-de-bronce-cadena-ser\/\" target=\"_blank\" rel=\"noopener\">al plat\u00f3 levantado por RTVE en el Palau d&#8217;Sports l&#8217;Illa para las galas<\/a>, en que el fin de semana los hoteles de la capital tur\u00edstica alcancen ocupaciones superiores al 90 %: \u00abQue rondar\u00e1 el 100 % en esa jornada de s\u00e1bado y la capacidad de la planta hotelera es muy grande\u00bb, ha a\u00f1adido.<\/p> ","protected":false},"excerpt":{"rendered":"<p>Seg\u00fa la consellera de Innovaci\u00f3n, Comercio y Turismo, Nuria Montes | El fin de semana la ocupaciones hotelera puede alcanzar el lleno t\u00e9cnico<\/p>\n","protected":false},"author":0,"featured_media":1834,"comment_status":"open","ping_status":"open","sticky":false,"template":"","format":"standard","meta":{"_acf_changed":false,"footnotes":""},"categories":[1],"tags":[],"class_list":["post-1833","post","type-post","status-publish","format-standard","has-post-thumbnail","hentry","category-sin-categoria"],"acf":{"ser_id":"ZJASWBNEYZBHBI3UE37CA5S4NI","ser_url":"https:\/\/cadenaser.com\/comunitat-valenciana\/2024\/01\/29\/el-benidorm-fest-generara-80-millones-en-publicidad-y-5-en-facturacion-hotelera-radio-valencia\/"},"_links":{"self":[{"href":"https:\/\/serbenidorm.daliisolutions.com\/index.php\/wp-json\/wp\/v2\/posts\/1833","targetHints":{"allow":["GET"]}}],"collection":[{"href":"https:\/\/serbenidorm.daliisolutions.com\/index.php\/wp-json\/wp\/v2\/posts"}],"about":[{"href":"https:\/\/serbenidorm.daliisolutions.com\/index.php\/wp-json\/wp\/v2\/types\/post"}],"replies":[{"embeddable":true,"href":"https:\/\/serbenidorm.daliisolutions.com\/index.php\/wp-json\/wp\/v2\/comments?post=1833"}],"version-history":[{"count":0,"href":"https:\/\/serbenidorm.daliisolutions.com\/index.php\/wp-json\/wp\/v2\/posts\/1833\/revisions"}],"wp:featuredmedia":[{"embeddable":true,"href":"https:\/\/serbenidorm.daliisolutions.com\/index.php\/wp-json\/wp\/v2\/media\/1834"}],"wp:attachment":[{"href":"https:\/\/serbenidorm.daliisolutions.com\/index.php\/wp-json\/wp\/v2\/media?parent=1833"}],"wp:term":[{"taxonomy":"category","embeddable":true,"href":"https:\/\/serbenidorm.daliisolutions.com\/index.php\/wp-json\/wp\/v2\/categories?post=1833"},{"taxonomy":"post_tag","embeddable":true,"href":"https:\/\/serbenidorm.daliisolutions.com\/index.php\/wp-json\/wp\/v2\/tags?post=1833"}],"curies":[{"name":"wp","href":"https:\/\/api.w.org\/{rel}","templated":true}]}}