{"id":18459,"date":"2025-09-18T16:53:31","date_gmt":"2025-09-18T14:53:31","guid":{"rendered":"https:\/\/serbenidorm.daliisolutions.com\/index.php\/2025\/09\/18\/el-comercio-de-benidorm-sufre-una-caida-historica-en-las-ventas-de-verano\/"},"modified":"2025-09-18T16:53:31","modified_gmt":"2025-09-18T14:53:31","slug":"el-comercio-de-benidorm-sufre-una-caida-historica-en-las-ventas-de-verano","status":"publish","type":"post","link":"https:\/\/serbenidorm.daliisolutions.com\/index.php\/2025\/09\/18\/el-comercio-de-benidorm-sufre-una-caida-historica-en-las-ventas-de-verano\/","title":{"rendered":"El comercio de Benidorm sufre una ca\u00edda hist\u00f3rica en las ventas de verano"},"content":{"rendered":" <p>El verano de 2025 ha sido \u00abel peor en a\u00f1os\u00bb para el comercio de Benidorm, seg\u00fan denuncia la Asociaci\u00f3n Independiente de Comerciantes (AICO), que ha hecho p\u00fablicos los resultados de una encuesta interna entre sus asociados. <\/p>  <p>Seg\u00fan este estudio en junio el 70% de los comercios arrojaba un balance negativo. La mayor\u00eda de esas p\u00e9rdidas oscilaban entre el 11% y el 30%. Los datos empeoraron sensiblemente en el mes de julio cuando el 94% de los comercios encuestados declararon haber registrado p\u00e9rdidas respecto al mismo mes de 2024, y cerca del 50% declara una ca\u00edda de ventas de entre un 31% y un 50%.<\/p>  <p>Sin embargo, aunque agosto mostr\u00f3 un t\u00edmido repunte con una recuperaci\u00f3n media del 15% al 20%, los niveles siguen \u201cmuy por debajo de los del verano pasado\u201d, sin que se haya logrado compensar el duro arranque de la temporada.<\/p>  <p>En <a href=\"https:\/\/radiobenidorm.es\" target=\"_blank\" rel=\"nofollow\" title=\"https:\/\/radiobenidorm.es\">Hoy por Hoy Benidorm<\/a> el secretario general de AICO, Juanjo Camarasa, ha explicado que los comerciantes consideran \u201calarmantes\u201d los datos y muestran su preocupaci\u00f3n por la deriva que esta viviendo \u201cla imagen comercial de la ciudad\u201d y que hace que el comercio de Benidorm sea \u201cmenos atractivo\u201d para los visitantes que no pernoctan en ella y se desplazan de otras poblaciones a pasar el d\u00eda. <\/p>  <p>Camarasa atribuye esta situaci\u00f3n a varios factores, entre ellos, un cambio en los h\u00e1bitos de consumo postpandemia, la menor presencia de turistas nacionales, y un visitante con menos poder adquisitivo que prioriza el gasto en alojamiento y restauraci\u00f3n frente al comercio. Adem\u00e1s, alerta de un descenso tambi\u00e9n en el consumo local, algo que consideran especialmente preocupante.<\/p>  <p>AICO se\u00f1ala varios factores como origen del desplome: el aumento de los costes fijos del negocio (alquileres, tasas e impuestos), el retroceso del turismo nacional de compras, la falta de apoyo institucional y una mayor retenci\u00f3n del consumo debido al encarecimiento generalizado del gasto vacacional. \u201cEl turista en general ha pagado m\u00e1s por las mismas vacaciones que el a\u00f1o pasado, pero con el mismo presupuesto, por lo que el comercio ha sido el ultimo eslab\u00f3n en esa cadena de gasto\u201d, se\u00f1ala Camarasa. <\/p>  <p>Adem\u00e1s, el colectivo destaca como elemento disuasorio para los clientes locales y comarcales la aplicaci\u00f3n de la Zona de Bajas Emisiones (ZBE), que ha generado \u201ctemor a las multas\u201d y ha dificultado el acceso al centro de la ciudad.<\/p>  <p>La asociaci\u00f3n lamenta la falta de respuesta del Ayuntamiento pese a haber trasladado esta situaci\u00f3n desde junio de 2023 tanto al concejal de Comercio como al propio alcalde. \u201cEl comercio est\u00e1 perdiendo visibilidad, atractivo y clientes. Ni el vecino de Benidorm de zonas como La Cala o el Rinc\u00f3n se desplaza ya al centro para comprar\u201d, advierten. Tambi\u00e9n critican que las pol\u00edticas actuales parecen estar enfocadas \u201cexclusivamente al turista que pernocta, descuidando al visitante de d\u00eda y al consumidor local\u201d.<\/p>  <p>AICO pide medidas urgentes y campa\u00f1as informativas para frenar el deterioro de la imagen comercial de la ciudad. Aunque septiembre suele representar un cambio de perfil en el visitante, m\u00e1s propenso a las compras, el sector encara el cierre de la temporada con incertidumbre y una sensaci\u00f3n generalizada de abandono.<\/p> ","protected":false},"excerpt":{"rendered":"<p>AICO revela p\u00e9rdidas generalizadas de hasta un 50% en julio y exige medidas urgentes al Ayuntamiento para frenar el deterioro del tejido comercial<\/p>\n","protected":false},"author":0,"featured_media":18460,"comment_status":"","ping_status":"open","sticky":false,"template":"","format":"standard","meta":{"_acf_changed":false,"footnotes":""},"categories":[1],"tags":[],"class_list":["post-18459","post","type-post","status-publish","format-standard","has-post-thumbnail","hentry","category-sin-categoria"],"acf":{"ser_id":"DTKPHYPA75H35ICG5EDNV6BXN4","ser_url":"https:\/\/cadenaser.com\/comunitat-valenciana\/2025\/09\/18\/el-comercio-de-benidorm-sufre-una-caida-historica-en-las-ventas-de-verano-radio-benidorm\/"},"_links":{"self":[{"href":"https:\/\/serbenidorm.daliisolutions.com\/index.php\/wp-json\/wp\/v2\/posts\/18459","targetHints":{"allow":["GET"]}}],"collection":[{"href":"https:\/\/serbenidorm.daliisolutions.com\/index.php\/wp-json\/wp\/v2\/posts"}],"about":[{"href":"https:\/\/serbenidorm.daliisolutions.com\/index.php\/wp-json\/wp\/v2\/types\/post"}],"replies":[{"embeddable":true,"href":"https:\/\/serbenidorm.daliisolutions.com\/index.php\/wp-json\/wp\/v2\/comments?post=18459"}],"version-history":[{"count":0,"href":"https:\/\/serbenidorm.daliisolutions.com\/index.php\/wp-json\/wp\/v2\/posts\/18459\/revisions"}],"wp:featuredmedia":[{"embeddable":true,"href":"https:\/\/serbenidorm.daliisolutions.com\/index.php\/wp-json\/wp\/v2\/media\/18460"}],"wp:attachment":[{"href":"https:\/\/serbenidorm.daliisolutions.com\/index.php\/wp-json\/wp\/v2\/media?parent=18459"}],"wp:term":[{"taxonomy":"category","embeddable":true,"href":"https:\/\/serbenidorm.daliisolutions.com\/index.php\/wp-json\/wp\/v2\/categories?post=18459"},{"taxonomy":"post_tag","embeddable":true,"href":"https:\/\/serbenidorm.daliisolutions.com\/index.php\/wp-json\/wp\/v2\/tags?post=18459"}],"curies":[{"name":"wp","href":"https:\/\/api.w.org\/{rel}","templated":true}]}}