{"id":18463,"date":"2025-09-18T16:53:33","date_gmt":"2025-09-18T14:53:33","guid":{"rendered":"https:\/\/serbenidorm.daliisolutions.com\/index.php\/2025\/09\/18\/la-continuidad-del-benidorm-fest-alivia-al-sector-turistico\/"},"modified":"2025-09-18T16:53:33","modified_gmt":"2025-09-18T14:53:33","slug":"la-continuidad-del-benidorm-fest-alivia-al-sector-turistico","status":"publish","type":"post","link":"https:\/\/serbenidorm.daliisolutions.com\/index.php\/2025\/09\/18\/la-continuidad-del-benidorm-fest-alivia-al-sector-turistico\/","title":{"rendered":"La continuidad del Benidorm Fest alivia al sector tur\u00edstico"},"content":{"rendered":" <p>La decisi\u00f3n de RTVE de condicionar su participaci\u00f3n en Eurovisi\u00f3n a la exclusi\u00f3n de Israel ha generado dudas sobre el futuro del Benidorm Fest, aunque la cadena p\u00fablica ha confirmado que la quinta edici\u00f3n se celebrar\u00e1 con normalidad en la capital tur\u00edstica de la Comunitat Valenciana. <a href=\"https:\/\/cadenaser.com\/comunitat-valenciana\/2025\/09\/16\/la-generalitat-mantiene-su-apoyo-al-benidorm-fest-tras-la-decision-de-rtve-de-plantear-su-retirada-de-eurovision-radio-valencia\/\" target=\"_blank\" rel=\"nofollow\" title=\"https:\/\/cadenaser.com\/comunitat-valenciana\/2025\/09\/16\/la-generalitat-mantiene-su-apoyo-al-benidorm-fest-tras-la-decision-de-rtve-de-plantear-su-retirada-de-eurovision-radio-valencia\/\">Esta continuidad, avalada tambi\u00e9n por la Generalitat Valenciana, ha sido celebrada este mi\u00e9rcoles por el tejido empresarial local<\/a>.<\/p>  <p>El evento, convertido en una pieza clave para el turismo invernal, ha impulsado la ocupaci\u00f3n hotelera hasta \u201calcanzar ocupaciones de hasta el 90% en los d\u00edas clave del Benidorm Fest\u201d, seg\u00fan recuerda la directora ejecutiva de Hosbec, Mayte Garc\u00eda. <\/p>  <p>Para la patronal, el festival tiene un impacto desestacionalizador y contribuye a reforzar la imagen de Benidorm como destino plural y diverso. En sus palabras, \u201cmantener este festival, en su quinta edici\u00f3n, significa un respaldo tanto al destino como a la m\u00fasica\u201d.<\/p>  <p>La hosteler\u00eda local tambi\u00e9n muestra tranquilidad. Alex Fratini, portavoz de Abreca, subraya que el certamen es un proyecto estable: \u201ctenemos conexi\u00f3n directa y sabemos de la importancia que tiene el Benidorm Fest tanto para RTVE como para la Comunitat Valenciana y Benidorm\u201d. <\/p>  <p>Aunque reconoce que Eurovisi\u00f3n genera un repunte puntual de consumo, insiste en que \u201ces m\u00e1s importante el Benidorm Fest que Eurovisi\u00f3n\u201d y que los seguidores del formato seguir\u00e1n viajando a la ciudad: \u201cQuiz\u00e1s, m\u00e1s seguidores del Fest que de Eurovisi\u00f3n. Ser \u2018eurofan\u2019 te da la excusa para venir al Fest\u201d.<\/p> ","protected":false},"excerpt":{"rendered":"<p>Los empresarios locales tienen un gran volumen de negocio en plena temporada baja<\/p>\n","protected":false},"author":0,"featured_media":18464,"comment_status":"","ping_status":"open","sticky":false,"template":"","format":"standard","meta":{"_acf_changed":false,"footnotes":""},"categories":[1],"tags":[],"class_list":["post-18463","post","type-post","status-publish","format-standard","has-post-thumbnail","hentry","category-sin-categoria"],"acf":{"ser_id":"QMS4TYFKO5DJRMCX4NANFZFBQU","ser_url":"https:\/\/cadenaser.com\/comunitat-valenciana\/2025\/09\/17\/la-continuidad-del-benidorm-fest-alivia-al-sector-turistico-radio-benidorm\/"},"_links":{"self":[{"href":"https:\/\/serbenidorm.daliisolutions.com\/index.php\/wp-json\/wp\/v2\/posts\/18463","targetHints":{"allow":["GET"]}}],"collection":[{"href":"https:\/\/serbenidorm.daliisolutions.com\/index.php\/wp-json\/wp\/v2\/posts"}],"about":[{"href":"https:\/\/serbenidorm.daliisolutions.com\/index.php\/wp-json\/wp\/v2\/types\/post"}],"replies":[{"embeddable":true,"href":"https:\/\/serbenidorm.daliisolutions.com\/index.php\/wp-json\/wp\/v2\/comments?post=18463"}],"version-history":[{"count":0,"href":"https:\/\/serbenidorm.daliisolutions.com\/index.php\/wp-json\/wp\/v2\/posts\/18463\/revisions"}],"wp:featuredmedia":[{"embeddable":true,"href":"https:\/\/serbenidorm.daliisolutions.com\/index.php\/wp-json\/wp\/v2\/media\/18464"}],"wp:attachment":[{"href":"https:\/\/serbenidorm.daliisolutions.com\/index.php\/wp-json\/wp\/v2\/media?parent=18463"}],"wp:term":[{"taxonomy":"category","embeddable":true,"href":"https:\/\/serbenidorm.daliisolutions.com\/index.php\/wp-json\/wp\/v2\/categories?post=18463"},{"taxonomy":"post_tag","embeddable":true,"href":"https:\/\/serbenidorm.daliisolutions.com\/index.php\/wp-json\/wp\/v2\/tags?post=18463"}],"curies":[{"name":"wp","href":"https:\/\/api.w.org\/{rel}","templated":true}]}}