{"id":18467,"date":"2025-09-18T16:53:37","date_gmt":"2025-09-18T14:53:37","guid":{"rendered":"https:\/\/serbenidorm.daliisolutions.com\/index.php\/2025\/09\/18\/la-policia-desmantela-una-plantacion-de-marihuana-en-la-nucia\/"},"modified":"2025-09-18T16:53:37","modified_gmt":"2025-09-18T14:53:37","slug":"la-policia-desmantela-una-plantacion-de-marihuana-en-la-nucia","status":"publish","type":"post","link":"https:\/\/serbenidorm.daliisolutions.com\/index.php\/2025\/09\/18\/la-policia-desmantela-una-plantacion-de-marihuana-en-la-nucia\/","title":{"rendered":"La Polic\u00eda desmantela una plantaci\u00f3n de marihuana en La Nuc\u00eda"},"content":{"rendered":" <p>La Polic\u00eda Nacional ha desmantelado una plantaci\u00f3n hidrop\u00f3nica de marihuana en un chalet ubicado en una zona de urbanizaciones, junto a la carretera CV-70, en La Nuc\u00eda. <\/p>  <p>Seg\u00fan ha podido saber <a href=\"https:\/\/cadenaser.com\/tag\/benidorm\/a\/\" target=\"_blank\" rel=\"nofollow\" title=\"https:\/\/cadenaser.com\/tag\/benidorm\/a\/\">Radio Benidorm<\/a> se han intervenido hasta 256 plantas de aproximadamente un metro y m\u00e1s de nueve kilogramos de sustancia. <\/p>  <p>El operativo se ha saldado con la detenci\u00f3n de un hombre de nacionalidad polaca y 66 a\u00f1os de edad con antecedentes por otros hechos. Se le acusa de tr\u00e1fico de drogas y defraudaci\u00f3n de fluido el\u00e9ctrico y ha pasado a disposici\u00f3n del Juzgado de Instrucci\u00f3n n\u00famero 3 de Villajoyosa. <\/p>  <p>La investigaci\u00f3n comenz\u00f3 a principios de a\u00f1o cuando se conoci\u00f3 una toma clandestina en la vivienda unifamiliar, de m\u00e1s de 200 metros cuadrados, a ra\u00edz de un informe de la compa\u00f1\u00eda el\u00e9ctrica. <\/p>  <p>El fuerte olor a marihuana y las primeras diligencias, con las que se comprob\u00f3 que la casa estaba en una calle sin salida o que se encontraba rodeada de una mamposter\u00eda que dificultaba la visi\u00f3n desde el exterior, condujeron a la entrada y el registro por parte de la Polic\u00eda.<\/p>  <p>La marihuana se encontraba en el s\u00f3tano, preparado con secadero, paneles led, filtros de carbono o ventiladores de pared. Tambi\u00e9n se comprob\u00f3 que un coche y una moto eran los principales veh\u00edculos utilizados para traficar con la droga, especialmente de noche, y en el interior se encontr\u00f3 adem\u00e1s a un perro \u00abpotencialmente peligroso\u00bb y con funciones de vigilancia. <\/p>  <p><\/p>  <p><\/p>  <p><\/p>  <p><\/p>  <p><\/p>  <p><\/p> ","protected":false},"excerpt":{"rendered":"<p>Detenido un hombre de 66 a\u00f1os<\/p>\n","protected":false},"author":0,"featured_media":18468,"comment_status":"","ping_status":"open","sticky":false,"template":"","format":"standard","meta":{"_acf_changed":false,"footnotes":""},"categories":[1],"tags":[],"class_list":["post-18467","post","type-post","status-publish","format-standard","has-post-thumbnail","hentry","category-sin-categoria"],"acf":{"ser_id":"ISUK2TMDVVBCDIS65QDE3RZN2E","ser_url":"https:\/\/cadenaser.com\/comunitat-valenciana\/2025\/09\/16\/la-policia-desmantela-una-plantacion-de-marihuana-en-la-nucia-radio-benidorm\/"},"_links":{"self":[{"href":"https:\/\/serbenidorm.daliisolutions.com\/index.php\/wp-json\/wp\/v2\/posts\/18467","targetHints":{"allow":["GET"]}}],"collection":[{"href":"https:\/\/serbenidorm.daliisolutions.com\/index.php\/wp-json\/wp\/v2\/posts"}],"about":[{"href":"https:\/\/serbenidorm.daliisolutions.com\/index.php\/wp-json\/wp\/v2\/types\/post"}],"replies":[{"embeddable":true,"href":"https:\/\/serbenidorm.daliisolutions.com\/index.php\/wp-json\/wp\/v2\/comments?post=18467"}],"version-history":[{"count":0,"href":"https:\/\/serbenidorm.daliisolutions.com\/index.php\/wp-json\/wp\/v2\/posts\/18467\/revisions"}],"wp:featuredmedia":[{"embeddable":true,"href":"https:\/\/serbenidorm.daliisolutions.com\/index.php\/wp-json\/wp\/v2\/media\/18468"}],"wp:attachment":[{"href":"https:\/\/serbenidorm.daliisolutions.com\/index.php\/wp-json\/wp\/v2\/media?parent=18467"}],"wp:term":[{"taxonomy":"category","embeddable":true,"href":"https:\/\/serbenidorm.daliisolutions.com\/index.php\/wp-json\/wp\/v2\/categories?post=18467"},{"taxonomy":"post_tag","embeddable":true,"href":"https:\/\/serbenidorm.daliisolutions.com\/index.php\/wp-json\/wp\/v2\/tags?post=18467"}],"curies":[{"name":"wp","href":"https:\/\/api.w.org\/{rel}","templated":true}]}}