{"id":18469,"date":"2025-09-18T16:53:37","date_gmt":"2025-09-18T14:53:37","guid":{"rendered":"https:\/\/serbenidorm.daliisolutions.com\/index.php\/2025\/09\/18\/se-ponen-a-la-venta-las-entradas-de-la-copa-del-mundo-de-ciclocross-en-benidorm\/"},"modified":"2025-09-18T16:53:37","modified_gmt":"2025-09-18T14:53:37","slug":"se-ponen-a-la-venta-las-entradas-de-la-copa-del-mundo-de-ciclocross-en-benidorm","status":"publish","type":"post","link":"https:\/\/serbenidorm.daliisolutions.com\/index.php\/2025\/09\/18\/se-ponen-a-la-venta-las-entradas-de-la-copa-del-mundo-de-ciclocross-en-benidorm\/","title":{"rendered":"Se ponen a la venta las entradas de la Copa del Mundo de ciclocross en Benidorm"},"content":{"rendered":" <p>Apurando todav\u00eda los \u00faltimos d\u00edas del verano, Benidorm ya se prepara para la celebraci\u00f3n de una de las citas m\u00e1s multitudinarias del evento ciclista: su cita puntuable para la Copa del Mundo de ciclocross, que volver\u00e1 a los parques de El Moralet y Foietes, ya en su cuarta edici\u00f3n, el d\u00eda 18 de enero de 2026.<\/p>  <p>Para ello, la organizaci\u00f3n, de nuevo comandada por Pascual Momparler, ha anunciado para este jueves la puesta a la venta de las entradas para ese evento aunque desde el mi\u00e9rcoles los habituales de otros a\u00f1os ya podr\u00e1n realizar una reserva.<\/p>  <p>Una vez m\u00e1s, habr\u00e1 varios tipos de entradas y, adem\u00e1s, importantes ventajas para los m\u00e1s madrugadores. As\u00ed, en cuanto a los tickets generales, los precios se mover\u00e1n desde los 18 euros iniciales (que se mantendr\u00e1n hasta el 9 de noviembre) increment\u00e1ndose a 20 euros (hasta el 6 de enero) y, finalmente, 22 euros desde ese momento hasta el mismo d\u00eda del evento. Adem\u00e1s de eso, y como en ocasiones anteriores, los menores de 14 a\u00f1os (personas nacidas antes del 31 de diciembre de 2011) podr\u00e1n acceder al recinto abonando una entrada simb\u00f3lica de dos euros y todo lo recaudado por la entrada infantil ser\u00e1 destinado a asociaciones ben\u00e9ficas locales.<\/p>  <p>Tambi\u00e9n se han preparado, una vez m\u00e1s, las entradas VIP que, explican desde la organizaci\u00f3n, incluye acceso a zona reservada (con entrantes y picoteo, paella, caf\u00e9 as\u00ed como cuatro consumiciones) con varias pantallas LED para seguir la carrera con un precio de78 euros para personas mayores de 14 a\u00f1os y 20 para ni\u00f1os entre 7 y 14 a\u00f1os. Los ni\u00f1os menores de 7 a\u00f1os (nacidos a partir del 1 de enero de 2019) podr\u00e1n acceder con una entrada Infantil acompa\u00f1ados de un adulto con acceso a la zona VIP.<\/p>  <p>Por \u00faltimo, tambi\u00e9n se vuelve a lanzar la entrada S\u00faper VIP que incluye una experiencia gourment con degustaci\u00f3n de paellas, caf\u00e9 barista, barra libre y todo ello en una ubicaci\u00f3n privilegiada con asientos y pantallas para seguir la carrera as\u00ed como parking reservado, y controlado por matr\u00edcula. Todo ello, por 180 euros para personas mayores de 14 y 45 euros para ni\u00f1os entre 7 y 14 a\u00f1os. Los ni\u00f1os menores de 7 a\u00f1os podr\u00e1n acceder con una entrada Infantil acompa\u00f1ados de un adulto con acceso a la zona S\u00faper VIP.<\/p> ","protected":false},"excerpt":{"rendered":"<p>Los aficionados ya pueden reservar sus tickets para la cita que tendr\u00e1 lugar el pr\u00f3ximo 18 de enero<\/p>\n","protected":false},"author":0,"featured_media":18470,"comment_status":"","ping_status":"open","sticky":false,"template":"","format":"standard","meta":{"_acf_changed":false,"footnotes":""},"categories":[16],"tags":[],"class_list":["post-18469","post","type-post","status-publish","format-standard","has-post-thumbnail","hentry","category-deportes"],"acf":{"ser_id":"ZAODAEZGTBBRFNUSQKWYLKFP7A","ser_url":"https:\/\/cadenaser.com\/comunitat-valenciana\/2025\/09\/17\/se-ponen-a-la-venta-las-entradas-de-la-copa-del-mundo-de-ciclocross-en-benidorm-radio-benidorm\/"},"_links":{"self":[{"href":"https:\/\/serbenidorm.daliisolutions.com\/index.php\/wp-json\/wp\/v2\/posts\/18469","targetHints":{"allow":["GET"]}}],"collection":[{"href":"https:\/\/serbenidorm.daliisolutions.com\/index.php\/wp-json\/wp\/v2\/posts"}],"about":[{"href":"https:\/\/serbenidorm.daliisolutions.com\/index.php\/wp-json\/wp\/v2\/types\/post"}],"replies":[{"embeddable":true,"href":"https:\/\/serbenidorm.daliisolutions.com\/index.php\/wp-json\/wp\/v2\/comments?post=18469"}],"version-history":[{"count":0,"href":"https:\/\/serbenidorm.daliisolutions.com\/index.php\/wp-json\/wp\/v2\/posts\/18469\/revisions"}],"wp:featuredmedia":[{"embeddable":true,"href":"https:\/\/serbenidorm.daliisolutions.com\/index.php\/wp-json\/wp\/v2\/media\/18470"}],"wp:attachment":[{"href":"https:\/\/serbenidorm.daliisolutions.com\/index.php\/wp-json\/wp\/v2\/media?parent=18469"}],"wp:term":[{"taxonomy":"category","embeddable":true,"href":"https:\/\/serbenidorm.daliisolutions.com\/index.php\/wp-json\/wp\/v2\/categories?post=18469"},{"taxonomy":"post_tag","embeddable":true,"href":"https:\/\/serbenidorm.daliisolutions.com\/index.php\/wp-json\/wp\/v2\/tags?post=18469"}],"curies":[{"name":"wp","href":"https:\/\/api.w.org\/{rel}","templated":true}]}}