{"id":18471,"date":"2025-09-18T16:53:38","date_gmt":"2025-09-18T14:53:38","guid":{"rendered":"https:\/\/serbenidorm.daliisolutions.com\/index.php\/2025\/09\/18\/el-voley-benidormense-se-pone-en-marcha-en-la-copa-comunitat\/"},"modified":"2025-09-18T16:53:38","modified_gmt":"2025-09-18T14:53:38","slug":"el-voley-benidormense-se-pone-en-marcha-en-la-copa-comunitat","status":"publish","type":"post","link":"https:\/\/serbenidorm.daliisolutions.com\/index.php\/2025\/09\/18\/el-voley-benidormense-se-pone-en-marcha-en-la-copa-comunitat\/","title":{"rendered":"El v\u00f3ley benidormense se pone en marcha en la Copa Comunitat"},"content":{"rendered":" <p>El inicio de la competici\u00f3n liguera est\u00e1 todav\u00eda lejos para los equipos de voleibol de la Marina Baixa, pero la pretemporada, como ya es tradici\u00f3n, es muy tempranera y nos ha dejado ya el primer partido oficial para el Camporrosso Finestrat, que ca\u00eda derrotado por 3-0 (25-20, 25-13 y 25-22) en su visita a la cancha del Sant Joan y, con ello, eliminado de la Copa Comunitat, una competici\u00f3n en la que los dos equipos del Club Voleibol Playas de Benidorm debutar\u00e1n el pr\u00f3ximo fin de semana.<\/p>  <p>En el apartado femenino, la derrota finestratense a privado a la afici\u00f3n de la Marina Baixa de poder disfrutar del primer derbi comarcal del a\u00f1o ya que el primer rival de las de Noelia Santacreu ser\u00e1, precisamente, el Sant Joan en un partido inicialmente previsto en casa de las alicantinas para el pr\u00f3ximo s\u00e1bado (20:00 horas) y que supondr\u00e1 ya la semifinal del torneo.<\/p>  <p>As\u00ed las cosas, y a las primeras de cambio, el Servigroup Playas de Benidorm femenino se jugar\u00e1 el pase a la gran final donde esperar\u00e1 el vencedor entre el duelo entre el Paterna Liceo y el Grau de Castell\u00f3, ambos tambi\u00e9n equipos de la Superliga 2.<\/p>  <p>Tambi\u00e9n este fin de semana debutar\u00e1 en competici\u00f3n oficial el Servigroup Playas de Benidorm masculino, reci\u00e9n ascendido a la Superliga Masculina, la m\u00e1xima categor\u00eda del v\u00f3ley nacional. Ser\u00e1, por lo tanto, la primera vez que la afici\u00f3n pueda hacerse una idea de c\u00f3mo ser\u00e1 el nuevo proyecto de Adriano Lamb a poco m\u00e1s de un mes de arrancar la temporada m\u00e1s importante e ilusionante de la historia de la entidad.<\/p>  <p>En su caso, el partido previsto para el s\u00e1bado (17:00 horas) medir\u00e1 a los benidormenses, en cuartos de final al Paterna-Liceo en la cancha de estos \u00faltimos, uno de sus principales rivales el pasado a\u00f1o en la categor\u00eda de plata. Para ellos, el fin de semana podr\u00eda traer, incluso, un doble compromiso ya que en caso de dejar en la cuneta a su primer rival, el domingo jugar\u00edan la semifinal a la que tambi\u00e9n aspiran el otro equipo de Superliga Masculino valenciano, el Conqueridor Valencia; su filial de Superliga 2, L\u2019Illa Grau y el Vinar\u00f3s.<\/p> ","protected":false},"excerpt":{"rendered":"<p>Los dos equipos del Club Voleibol Playas de Benidorm debutan este fin de semana en el torneo auton\u00f3mico<\/p>\n","protected":false},"author":0,"featured_media":18472,"comment_status":"","ping_status":"open","sticky":false,"template":"","format":"standard","meta":{"_acf_changed":false,"footnotes":""},"categories":[16],"tags":[],"class_list":["post-18471","post","type-post","status-publish","format-standard","has-post-thumbnail","hentry","category-deportes"],"acf":{"ser_id":"75HNNQXLJRGXDA3LPJC2RA3CYA","ser_url":"https:\/\/cadenaser.com\/comunitat-valenciana\/2025\/09\/16\/el-voley-benidormense-se-pone-en-marcha-en-la-copa-comunitat-radio-benidorm\/"},"_links":{"self":[{"href":"https:\/\/serbenidorm.daliisolutions.com\/index.php\/wp-json\/wp\/v2\/posts\/18471","targetHints":{"allow":["GET"]}}],"collection":[{"href":"https:\/\/serbenidorm.daliisolutions.com\/index.php\/wp-json\/wp\/v2\/posts"}],"about":[{"href":"https:\/\/serbenidorm.daliisolutions.com\/index.php\/wp-json\/wp\/v2\/types\/post"}],"replies":[{"embeddable":true,"href":"https:\/\/serbenidorm.daliisolutions.com\/index.php\/wp-json\/wp\/v2\/comments?post=18471"}],"version-history":[{"count":0,"href":"https:\/\/serbenidorm.daliisolutions.com\/index.php\/wp-json\/wp\/v2\/posts\/18471\/revisions"}],"wp:featuredmedia":[{"embeddable":true,"href":"https:\/\/serbenidorm.daliisolutions.com\/index.php\/wp-json\/wp\/v2\/media\/18472"}],"wp:attachment":[{"href":"https:\/\/serbenidorm.daliisolutions.com\/index.php\/wp-json\/wp\/v2\/media?parent=18471"}],"wp:term":[{"taxonomy":"category","embeddable":true,"href":"https:\/\/serbenidorm.daliisolutions.com\/index.php\/wp-json\/wp\/v2\/categories?post=18471"},{"taxonomy":"post_tag","embeddable":true,"href":"https:\/\/serbenidorm.daliisolutions.com\/index.php\/wp-json\/wp\/v2\/tags?post=18471"}],"curies":[{"name":"wp","href":"https:\/\/api.w.org\/{rel}","templated":true}]}}