{"id":18473,"date":"2025-09-18T16:53:38","date_gmt":"2025-09-18T14:53:38","guid":{"rendered":"https:\/\/serbenidorm.daliisolutions.com\/index.php\/2025\/09\/18\/el-viento-no-ayuda-y-dario-quesada-se-quedo-varado-en-su-reto-solidario\/"},"modified":"2025-09-18T16:53:38","modified_gmt":"2025-09-18T14:53:38","slug":"el-viento-no-ayuda-y-dario-quesada-se-quedo-varado-en-su-reto-solidario","status":"publish","type":"post","link":"https:\/\/serbenidorm.daliisolutions.com\/index.php\/2025\/09\/18\/el-viento-no-ayuda-y-dario-quesada-se-quedo-varado-en-su-reto-solidario\/","title":{"rendered":"El viento no ayuda y Dar\u00edo Quesada se qued\u00f3 varado en su reto solidario"},"content":{"rendered":" <p>No las ten\u00edan todas consigo Dar\u00edo Quesada y Fernando Pardo el pasado jueves cuando, en \u2018SER Deportivos Marina Baixa\u2019, conced\u00edan su \u00faltima entrevista antes de lanzarse al mar, ya en la ma\u00f1ana del domingo, para asaltar ese gran desaf\u00edo deportivo y humano que el primero de ellos deb\u00eda protagonizar uniendo sobre una tabla de windsurf las bah\u00edas de Benidorm y San Antonio (Ibiza).<\/p>  <p>Y no lo ten\u00edan claro porque el parte meteorol\u00f3gico, ese compa\u00f1ero tan esquivo y, a veces, maldito de los marineros y que s\u00f3lo un par de d\u00edas antes hablaba de condiciones m\u00e1s o menos favorables para la aventura, hab\u00eda variado por completo y se hab\u00eda empe\u00f1ado en ponerle a Quesada las cosas muy complicadas.<\/p>  <p>En todo caso, puntual a su cita con el mar y, sobre todo, la solidaridad (la aventura ha destinado todo lo recaudado a An\u00e9mona), Dar\u00edo Quesada se lanz\u00f3 el mar al amanecer del domingo. A su lado, junto a otras muchas embarcaciones de apoyo, el director deportivo del reto y alter ego del windsurfista: Fernando Pardo.<\/p>  <p>En la mirada de ambos, tan veteranos a la orea de otear el horizonte del Mediterr\u00e1neo, malos presagios. Mucho sol. Mucho calor. Sobre todo, poco viento. Hab\u00eda que mantener el \u00e1nimo y all\u00e1 que partieron. Primero, camino de la Serra Gelada. Luego, del Pe\u00f1\u00f3n d\u2019Ifahc. M\u00e1s tarde, de la boya de desmarque. Finalmente, de Baleares.<\/p>  <p>Pero el viento no quiso. Se empe\u00f1\u00f3 Eolo en no comparecer y, tras navegar a duras penas durante m\u00e1s de seis horas sin haber perdido todav\u00eda de vista la costa calpina, qued\u00f3 claro que el mar se hab\u00eda negado a concederle a Quesada su aventura.<\/p>  <p>Finalmente, Pardo tom\u00f3 la decisi\u00f3n m\u00e1s dif\u00edcil y, a la vez, la \u00fanica posible: hab\u00eda que parar, bajarse de la tabla, subir al barco y volver, con la frente y el orgullo alt\u00edsimos, a casa.<\/p>  <p>Hoy, sin apenas haber descansado lo suficiente y con el cansancio todav\u00eda en el cuerpo, ambos han sido claros. De hecho, fue lo primero que le dijo Dar\u00edo Quesada a Mar\u00eda Botella nada m\u00e1s abortar su intento, todav\u00eda en el mar: \u201cMar\u00eda, esto es s\u00f3lo un nuevo comienzo\u201d. <\/p> ","protected":false},"excerpt":{"rendered":"<p>El windsurfista benidormense promete que volver\u00e1 a la carga y que completar\u00e1 su desaf\u00edo para An\u00e9mona<\/p>\n","protected":false},"author":0,"featured_media":18474,"comment_status":"","ping_status":"open","sticky":false,"template":"","format":"standard","meta":{"_acf_changed":false,"footnotes":""},"categories":[16],"tags":[],"class_list":["post-18473","post","type-post","status-publish","format-standard","has-post-thumbnail","hentry","category-deportes"],"acf":{"ser_id":"EMHBGXL2QFH5RA6TQ7QCNVH7YU","ser_url":"https:\/\/cadenaser.com\/comunitat-valenciana\/2025\/09\/15\/el-viento-no-ayuda-y-dario-quesada-se-quedo-varado-en-su-reto-solidario-radio-benidorm\/"},"_links":{"self":[{"href":"https:\/\/serbenidorm.daliisolutions.com\/index.php\/wp-json\/wp\/v2\/posts\/18473","targetHints":{"allow":["GET"]}}],"collection":[{"href":"https:\/\/serbenidorm.daliisolutions.com\/index.php\/wp-json\/wp\/v2\/posts"}],"about":[{"href":"https:\/\/serbenidorm.daliisolutions.com\/index.php\/wp-json\/wp\/v2\/types\/post"}],"replies":[{"embeddable":true,"href":"https:\/\/serbenidorm.daliisolutions.com\/index.php\/wp-json\/wp\/v2\/comments?post=18473"}],"version-history":[{"count":0,"href":"https:\/\/serbenidorm.daliisolutions.com\/index.php\/wp-json\/wp\/v2\/posts\/18473\/revisions"}],"wp:featuredmedia":[{"embeddable":true,"href":"https:\/\/serbenidorm.daliisolutions.com\/index.php\/wp-json\/wp\/v2\/media\/18474"}],"wp:attachment":[{"href":"https:\/\/serbenidorm.daliisolutions.com\/index.php\/wp-json\/wp\/v2\/media?parent=18473"}],"wp:term":[{"taxonomy":"category","embeddable":true,"href":"https:\/\/serbenidorm.daliisolutions.com\/index.php\/wp-json\/wp\/v2\/categories?post=18473"},{"taxonomy":"post_tag","embeddable":true,"href":"https:\/\/serbenidorm.daliisolutions.com\/index.php\/wp-json\/wp\/v2\/tags?post=18473"}],"curies":[{"name":"wp","href":"https:\/\/api.w.org\/{rel}","templated":true}]}}