{"id":18475,"date":"2025-09-18T16:53:38","date_gmt":"2025-09-18T14:53:38","guid":{"rendered":"https:\/\/serbenidorm.daliisolutions.com\/index.php\/2025\/09\/18\/el-servigroup-balonmano-benidorm-se-topa-con-la-realidad-en-el-plantio\/"},"modified":"2025-09-18T16:53:38","modified_gmt":"2025-09-18T14:53:38","slug":"el-servigroup-balonmano-benidorm-se-topa-con-la-realidad-en-el-plantio","status":"publish","type":"post","link":"https:\/\/serbenidorm.daliisolutions.com\/index.php\/2025\/09\/18\/el-servigroup-balonmano-benidorm-se-topa-con-la-realidad-en-el-plantio\/","title":{"rendered":"El Servigroup Balonmano Benidorm se topa con la realidad en El Plant\u00edo"},"content":{"rendered":" <p>Que el t\u00edtulo de la Divisi\u00f3n de Honor Plata y, con \u00e9l, el ascenso directo a la Liga Asobal no se iba a ganar o a perder en la primera jornada es algo que todo el mundo ten\u00eda claro; pero si el Balonmano Servigroup Benidorm estaba esperando esta cita inaugural ante un rival como el UBU Burgos para hacerse finalmente a la idea de c\u00f3mo va a ser este a\u00f1o en la categor\u00eda de plata del balonmano nacional, el golpe de realidad no podr\u00eda haber sido mayor.<\/p>  <p>El equipo benidormense se vio claramente superado por el UBU Burgos en todo momento y en todas las facetas del juego para acabar volviendo a tierras alicantinas con una doloros\u00edsima derrota por 31-19 de la que, m\u00e1s all\u00e1 de la contundencia del marcador, poco hay que destacar.<\/p>  <p>El UBU Burgos, veteran\u00edsimo en estas lides, salt\u00f3 a su cancha no s\u00f3lo con la intenci\u00f3n de gustarse y gustar a su p\u00fablico sino, sobre todo, mucho m\u00e1s convencido que su rival de querer marcar ese terreno que, al menos en las muchas tertulias previas al arranque liguero, se\u00f1alaban a burgaleses y benidormenses como claros aspirantes a todo.<\/p>  <p>Arrollador en ataque, contundente en defensa y muy seguro en porter\u00eda; el equipo local fue, durante toda la hora de juego, la n\u00e9mesis completa de un Balonmano Servigroup Benidorm que no funcion\u00f3 ni en lo colectivo ni en lo individual. Ni en el ataque ni en la defensa. Ni en lo t\u00e1ctico ni en lo f\u00edsico.<\/p>  <p>Lo visto en El Plant\u00edo, en definitiva, fue balonmano a dos velocidades cuya mayor y m\u00e1s cruel evidencia para los visitantes lleg\u00f3 en los 15 minutos finales de la primera mitad, donde un parcial de 9-1 sentenci\u00f3 el choque con el UBU Burgos march\u00e1ndose a los vestuarios con una clara renta de 15-7.<\/p>  <p>La segunda mitad, con el Balonmano Servigroup Benidorm ya hundido en el marcador y en lo an\u00edmico, fue un mon\u00f3logo local que s\u00f3lo sirvi\u00f3 para terminar arrancando algunos \u2018ol\u00e9s\u2019 de la grada local y certificar ese 31-19 final con el que la expedici\u00f3n benidormense se tuvo que volver a casa.<\/p> ","protected":false},"excerpt":{"rendered":"<p>Un UBU Burgos muy superior deja claras las carencias del equipo del Palau d\u2019Esports<\/p>\n","protected":false},"author":0,"featured_media":18476,"comment_status":"","ping_status":"open","sticky":false,"template":"","format":"standard","meta":{"_acf_changed":false,"footnotes":""},"categories":[16],"tags":[],"class_list":["post-18475","post","type-post","status-publish","format-standard","has-post-thumbnail","hentry","category-deportes"],"acf":{"ser_id":"36EAM3DMP5HXLHI6WCBYXGLDTM","ser_url":"https:\/\/cadenaser.com\/comunitat-valenciana\/2025\/09\/14\/el-servigroup-balonmano-benidorm-se-topa-con-la-realidad-en-el-plantio-radio-benidorm\/"},"_links":{"self":[{"href":"https:\/\/serbenidorm.daliisolutions.com\/index.php\/wp-json\/wp\/v2\/posts\/18475","targetHints":{"allow":["GET"]}}],"collection":[{"href":"https:\/\/serbenidorm.daliisolutions.com\/index.php\/wp-json\/wp\/v2\/posts"}],"about":[{"href":"https:\/\/serbenidorm.daliisolutions.com\/index.php\/wp-json\/wp\/v2\/types\/post"}],"replies":[{"embeddable":true,"href":"https:\/\/serbenidorm.daliisolutions.com\/index.php\/wp-json\/wp\/v2\/comments?post=18475"}],"version-history":[{"count":0,"href":"https:\/\/serbenidorm.daliisolutions.com\/index.php\/wp-json\/wp\/v2\/posts\/18475\/revisions"}],"wp:featuredmedia":[{"embeddable":true,"href":"https:\/\/serbenidorm.daliisolutions.com\/index.php\/wp-json\/wp\/v2\/media\/18476"}],"wp:attachment":[{"href":"https:\/\/serbenidorm.daliisolutions.com\/index.php\/wp-json\/wp\/v2\/media?parent=18475"}],"wp:term":[{"taxonomy":"category","embeddable":true,"href":"https:\/\/serbenidorm.daliisolutions.com\/index.php\/wp-json\/wp\/v2\/categories?post=18475"},{"taxonomy":"post_tag","embeddable":true,"href":"https:\/\/serbenidorm.daliisolutions.com\/index.php\/wp-json\/wp\/v2\/tags?post=18475"}],"curies":[{"name":"wp","href":"https:\/\/api.w.org\/{rel}","templated":true}]}}