{"id":18477,"date":"2025-09-18T16:53:39","date_gmt":"2025-09-18T14:53:39","guid":{"rendered":"https:\/\/serbenidorm.daliisolutions.com\/index.php\/2025\/09\/18\/el-huesitos-la-vila-se-regala-una-victoria-antes-del-arranque-liguero\/"},"modified":"2025-09-18T16:53:39","modified_gmt":"2025-09-18T14:53:39","slug":"el-huesitos-la-vila-se-regala-una-victoria-antes-del-arranque-liguero","status":"publish","type":"post","link":"https:\/\/serbenidorm.daliisolutions.com\/index.php\/2025\/09\/18\/el-huesitos-la-vila-se-regala-una-victoria-antes-del-arranque-liguero\/","title":{"rendered":"El Huesitos-La Vila se regala una victoria antes del arranque liguero"},"content":{"rendered":" <p>Para verlos debutar en El Pantano todav\u00eda habr\u00e1 que esperar un poco m\u00e1s, pero Hern\u00e1n \u2018Falu\u2019Quirelli y sus chicos tienen ya su primer gran meta volante del a\u00f1o a la vuelta de la esquina: la primera jornada de la Divisi\u00f3n de Honor del rugby nacional que afrontar\u00e1n el d\u00eda 28 de septiembre (16:00 horas) en el Altamira Estadioa de Ordizia. Antes de eso, el pasado s\u00e1bado, quedaba un \u00faltimo test; un examen importante ante nada m\u00e1s y nada menos que el Liceo Franc\u00e9s que, visto lo visto, el XV chocolatero ha aprobado con nota y, m\u00e1s all\u00e1 del revulsivo moral que siempre viene con las victorias, como la lograda por 38-12, confirma que los vileros han llegado, al menos, con los deberes hechos a ese \u00faltimo amistoso de pretemporada.<\/p>  <p>El propio preparador argentino explicaba el viernes, en \u2018SER Deportivos Marina Baixa\u2019, que ese partido de presentaci\u00f3n oficial de su equipo 2025-2026 en El Pantano no era m\u00e1s que eso, un test m\u00e1s, pero tambi\u00e9n conced\u00eda que la ocasi\u00f3n era especial. En primer lugar, claro, porque se quer\u00eda dar una buena impresi\u00f3n ante la parroquia local. En segundo lugar, evidentemente, porque el Liceo Franc\u00e9s es otro equipo de Divisi\u00f3n de Honor.<\/p>  <p>Pese a la victoria y haciendo gala de su siempre elevada exigencia, \u2018Falu\u2019 alertaba de que el Huesitos-La Vila todav\u00eda tiene mucho que mejorar. \u201cNo nos vamos con muy buenas sensaciones generales\u201d, dec\u00eda el entrenador al t\u00e9rmino de un choque al que \u201centramos un poco dormidos y con falta de actitud\u201d.<\/p>  <p>Fruto de ello \u201cno pudimos generar mucho juego\u201d aunque, eso s\u00ed, \u201cen la segunda parte mejoramos en varios aspectos y con eso pudimos terminar ganando el partido de forma clara. Pero esto es un amistoso y el resultado no importan demasiado, sino que lo importante es el rendimiento y poder poner en pr\u00e1ctica lo que venimos semanas entrenando y eso no lo conseguimos del todo\u201d.<\/p>  <p>En cualquier caso, Quirelli saca una clara lectura positiva de lo visto en El Pantano: \u201clo bueno es que tenemos un diagn\u00f3stico y en estas dos semanas que quedan para el inicio de Liga sabemos lo que hay que trabajar. Estamos lejos de donde queremos estar, as\u00ed que vamos a ajustar todas esas cosas\u201d.<\/p> ","protected":false},"excerpt":{"rendered":"<p>El equipo de Hern\u00e1n \u2018Falu\u2019 Quirelli se impuso en El Pantano al Liceo Franc\u00e9s en el \u00faltimo amistoso de pretemporada<\/p>\n","protected":false},"author":0,"featured_media":18478,"comment_status":"","ping_status":"open","sticky":false,"template":"","format":"standard","meta":{"_acf_changed":false,"footnotes":""},"categories":[16],"tags":[],"class_list":["post-18477","post","type-post","status-publish","format-standard","has-post-thumbnail","hentry","category-deportes"],"acf":{"ser_id":"CZUFB7PUZ5A6FEFGONVT5P4Y2I","ser_url":"https:\/\/cadenaser.com\/comunitat-valenciana\/2025\/09\/15\/el-huesitos-la-vila-se-regala-una-victoria-antes-del-arranque-liguero-radio-benidorm\/"},"_links":{"self":[{"href":"https:\/\/serbenidorm.daliisolutions.com\/index.php\/wp-json\/wp\/v2\/posts\/18477","targetHints":{"allow":["GET"]}}],"collection":[{"href":"https:\/\/serbenidorm.daliisolutions.com\/index.php\/wp-json\/wp\/v2\/posts"}],"about":[{"href":"https:\/\/serbenidorm.daliisolutions.com\/index.php\/wp-json\/wp\/v2\/types\/post"}],"replies":[{"embeddable":true,"href":"https:\/\/serbenidorm.daliisolutions.com\/index.php\/wp-json\/wp\/v2\/comments?post=18477"}],"version-history":[{"count":0,"href":"https:\/\/serbenidorm.daliisolutions.com\/index.php\/wp-json\/wp\/v2\/posts\/18477\/revisions"}],"wp:featuredmedia":[{"embeddable":true,"href":"https:\/\/serbenidorm.daliisolutions.com\/index.php\/wp-json\/wp\/v2\/media\/18478"}],"wp:attachment":[{"href":"https:\/\/serbenidorm.daliisolutions.com\/index.php\/wp-json\/wp\/v2\/media?parent=18477"}],"wp:term":[{"taxonomy":"category","embeddable":true,"href":"https:\/\/serbenidorm.daliisolutions.com\/index.php\/wp-json\/wp\/v2\/categories?post=18477"},{"taxonomy":"post_tag","embeddable":true,"href":"https:\/\/serbenidorm.daliisolutions.com\/index.php\/wp-json\/wp\/v2\/tags?post=18477"}],"curies":[{"name":"wp","href":"https:\/\/api.w.org\/{rel}","templated":true}]}}