{"id":18488,"date":"2025-09-18T19:52:08","date_gmt":"2025-09-18T17:52:08","guid":{"rendered":"https:\/\/serbenidorm.daliisolutions.com\/index.php\/2025\/09\/18\/benidorm-vuelve-a-celebrar-este-sabado-su-festival-de-la-vendimia\/"},"modified":"2025-09-18T19:52:08","modified_gmt":"2025-09-18T17:52:08","slug":"benidorm-vuelve-a-celebrar-este-sabado-su-festival-de-la-vendimia","status":"publish","type":"post","link":"https:\/\/serbenidorm.daliisolutions.com\/index.php\/2025\/09\/18\/benidorm-vuelve-a-celebrar-este-sabado-su-festival-de-la-vendimia\/","title":{"rendered":"Benidorm vuelve a celebrar este s\u00e1bado su Festival de la Vendimia"},"content":{"rendered":" <p>La vendimia marcha en muchos territorios un cambio de ciclo y Castilla &#8211; La Mancha no es menos. Es por ello que desde hace 31 a\u00f1os la Casa de la Mancha en Benidorm y Comarca lo celebra en la capital tur\u00edstica, en este caso el s\u00e1bado 20 de septiembre.<\/p>  <p>Ya est\u00e1 todo preparado para el Festival de la Vendimia como nos han contado en <a href=\"https:\/\/cadenaser.com\/tag\/benidorm\/a\/\" target=\"_blank\" rel=\"nofollow\" title=\"https:\/\/cadenaser.com\/tag\/benidorm\/a\/\">La Ventana de la Marina Baixa<\/a> la presidenta de la asociaci\u00f3n, Loren Torres, y la reina saliente y madrina, Yolanda Marcos. <\/p>  <p>Ambas han compartido sus recuerdos de la vendimia en sus pueblos de origen y para ambas ser\u00e1 especial la cita del s\u00e1bado: para la presidenta, porque el alcalde de Valdepe\u00f1as, su lugar de origen, ser\u00e1 el mantenedor; para la reina saliente, porque ser\u00e1 la encargada de coronar por primera vez en la historia de la Casa a la Dulcinea, nuevo cargo que recaer\u00e1 en Elisa Choza Torres.<\/p>  <div id=\"fb-root\"><\/div>\n&lt;\/script&gt;<div class=\"fb-post\" data-href=\"https:\/\/www.facebook.com\/permalink.php?story_fbid=pfbid02L7twcnSWvGvKRyz54zAXSZZcNwhCJ9Qnhxry6GAYcX94MRvQcaoPqnyhFTUp3Vwrl&amp;id=100024878587138\" data-width=\"552\"><blockquote cite=\"https:\/\/graph.facebook.com\/100024878587138\/posts\/1703609257145011\/\" class=\"fb-xfbml-parse-ignore\"><p>El pr\u00f3ximo d\u00eda 20 celebraremos en Benidorm el FESTIVIAL DE LA VENDIMIA por lo que os esperamos para poder disfrutar una&#8230;<\/p>Publicada por <a href=\"https:\/\/www.facebook.com\/people\/Casa-de-La-Mancha-en-Benidorm-y-Comarca\/100024878587138\/\">Casa de La Mancha  en Benidorm y Comarca<\/a> en&nbsp;<a href=\"https:\/\/graph.facebook.com\/100024878587138\/posts\/1703609257145011\/\">Lunes, 8 de septiembre de 2025<\/a><\/blockquote><\/div>  <p>Un pasacalles partir\u00e1 a las 17:30h. del Parque de Elche amenizado por el grupo de danzas Magisterio de Albacete, uno de los principales representantes del folklore de esa regi\u00f3n, hasta llegar al Ayuntamiento de Benidorm para el acto, que arrancar\u00e1 a las 19:00h. con entrada libre hasta completar aforo.<\/p>  <p>Al Festival de la Vendimia en s\u00ed seguir\u00e1 una cena de hermanamientos con todos los participantes.<\/p> ","protected":false},"excerpt":{"rendered":"<p>La Casa de La Mancha proclamar\u00e1 por primera vez en 31 ediciones una Dulcinea<\/p>\n","protected":false},"author":0,"featured_media":18489,"comment_status":"","ping_status":"open","sticky":false,"template":"","format":"standard","meta":{"_acf_changed":false,"footnotes":""},"categories":[1],"tags":[],"class_list":["post-18488","post","type-post","status-publish","format-standard","has-post-thumbnail","hentry","category-sin-categoria"],"acf":{"ser_id":"HAENJGZIYFAGLGU6TAZH7ZIWWQ","ser_url":"https:\/\/cadenaser.com\/comunitat-valenciana\/2025\/09\/18\/benidorm-vuelve-a-celebrar-este-sabado-su-festival-de-la-vendimia-radio-benidorm\/"},"_links":{"self":[{"href":"https:\/\/serbenidorm.daliisolutions.com\/index.php\/wp-json\/wp\/v2\/posts\/18488","targetHints":{"allow":["GET"]}}],"collection":[{"href":"https:\/\/serbenidorm.daliisolutions.com\/index.php\/wp-json\/wp\/v2\/posts"}],"about":[{"href":"https:\/\/serbenidorm.daliisolutions.com\/index.php\/wp-json\/wp\/v2\/types\/post"}],"replies":[{"embeddable":true,"href":"https:\/\/serbenidorm.daliisolutions.com\/index.php\/wp-json\/wp\/v2\/comments?post=18488"}],"version-history":[{"count":0,"href":"https:\/\/serbenidorm.daliisolutions.com\/index.php\/wp-json\/wp\/v2\/posts\/18488\/revisions"}],"wp:featuredmedia":[{"embeddable":true,"href":"https:\/\/serbenidorm.daliisolutions.com\/index.php\/wp-json\/wp\/v2\/media\/18489"}],"wp:attachment":[{"href":"https:\/\/serbenidorm.daliisolutions.com\/index.php\/wp-json\/wp\/v2\/media?parent=18488"}],"wp:term":[{"taxonomy":"category","embeddable":true,"href":"https:\/\/serbenidorm.daliisolutions.com\/index.php\/wp-json\/wp\/v2\/categories?post=18488"},{"taxonomy":"post_tag","embeddable":true,"href":"https:\/\/serbenidorm.daliisolutions.com\/index.php\/wp-json\/wp\/v2\/tags?post=18488"}],"curies":[{"name":"wp","href":"https:\/\/api.w.org\/{rel}","templated":true}]}}