{"id":18501,"date":"2025-09-19T13:03:48","date_gmt":"2025-09-19T11:03:48","guid":{"rendered":"https:\/\/serbenidorm.daliisolutions.com\/index.php\/2025\/09\/19\/los-primeros-pretendientes-de-la-tm-tower-de-benidorm-el-residencial-mas-alto-de-europa\/"},"modified":"2025-09-19T13:03:48","modified_gmt":"2025-09-19T11:03:48","slug":"los-primeros-pretendientes-de-la-tm-tower-de-benidorm-el-residencial-mas-alto-de-europa","status":"publish","type":"post","link":"https:\/\/serbenidorm.daliisolutions.com\/index.php\/2025\/09\/19\/los-primeros-pretendientes-de-la-tm-tower-de-benidorm-el-residencial-mas-alto-de-europa\/","title":{"rendered":"Los primeros pretendientes de la TM Tower de Benidorm, el residencial m\u00e1s alto de Europa"},"content":{"rendered":" <p>TM Grupo Inmobiliario, holding alicantino de referencia en el sector del turismo residencial, hotelero y vacacional y especialista en la construcci\u00f3n y promoci\u00f3n de viviendas a lo largo de la costa mediterr\u00e1nea y Caribe, ha presentado oficialmente TM Tower, un proyecto \u00fanico que marcar\u00e1 un antes y un despu\u00e9s en la arquitectura residencial europea. <a href=\"https:\/\/cadenaser.com\/tag\/benidorm\/a\/\" target=\"_blank\" rel=\"nofollow\" title=\"https:\/\/cadenaser.com\/tag\/benidorm\/a\/\">Con 230 metros de altura y 64 plantas, se convertir\u00e1 en el edificio residencial m\u00e1s alto de Europa<\/a>. <\/p>  <p>La cita, conducida por la periodista Mar\u00eda Fuster, reuni\u00f3 a cerca de 400 asistentes, entre los que se encontraban autoridades locales y auton\u00f3micas, representantes institucionales, clientes, proveedores, colaboradores y medios de comunicaci\u00f3n.<\/p>  <p>El acto arranc\u00f3 con un v\u00eddeo inspiracional sobre Benidorm y la trayectoria de TM Grupo Inmobiliario, seguido de los discursos institucionales de su presidenta, \u00c1ngeles Serna, y de su consejero delegado, Pablo Serna. Ambos destacaron la importancia de TM Tower como un s\u00edmbolo del futuro del Mediterr\u00e1neo y un hito para la compa\u00f1\u00eda y la internacionalizaci\u00f3n de la marca Espa\u00f1a.<\/p>  <p>\u201cEste hito forma parte del camino que hemos construido en la zona de Poniente durante la \u00faltima d\u00e9cada. Tras proyectos emblem\u00e1ticos como Sunset Dreams, Sunset Waves, Sunset Cliffs, Sunset Sailors y Eagle Tower, hoy damos un paso m\u00e1s con TM Tower, que emerge como el broche de oro de este skyline y lo convierte en una referencia europea y mundial.\u201d, afirma Pablo Serna, consejero delegado de TM Grupo Inmobiliario.<\/p>  <p>Posteriormente, se proyect\u00f3 en primicia el v\u00eddeo de presentaci\u00f3n de TM Tower y Augusto Monte, director comercial y de marketing, comparti\u00f3 los detalles diferenciales del proyecto y dio el pistoletazo de salida al proceso de comercializaci\u00f3n. <\/p>  <p>El alcalde de Benidorm, Toni P\u00e9rez, cerr\u00f3 el bloque institucional subrayando el potencial de la ciudad para atraer inversiones y generar, con ello, empleo y bienestar; al tiempo que destac\u00f3 que esta nueva torre, como las construidas con anterioridad por TM, enriquecen el urbanismo vertical que es se\u00f1a de identidad de Benidorm desde hace casi siete d\u00e9cadas. La velada culmin\u00f3 con un c\u00f3ctel networking frente al mar y un espect\u00e1culo de drones que ilumin\u00f3 el cielo de Benidorm, dibujando en movimiento la silueta de TM Tower como anticipo del nuevo icono del skyline de la ciudad.<\/p>  <p>Ubicado en la Playa de Poniente de Benidorm, TM Tower contar\u00e1 con 260 viviendas de entre uno y cuatro dormitorios, as\u00ed como m\u00e1s de 10.000 m\u00b2 de zonas comunes que redefinen el concepto de vida en altura: piscinas climatizadas, gimnasio, sala de cine, \u00e1reas deportivas y un skybar en la planta 63 con observatorio astron\u00f3mico, desarrollado en colaboraci\u00f3n con el Museo Did\u00e1ctico e Interactivo de Ciencias Jes\u00fas Carnicer (MUDIC).<\/p>  <p>La construcci\u00f3n de este coloso ha supuesto al holding una inversi\u00f3n de 140 millones de euros y la generaci\u00f3n de miles de empleos directos e indirectos, con un impacto directo en arquitectos, ingenier\u00edas, proveedores y oficios. Este proyecto se integra en la fuerte apuesta de la compa\u00f1\u00eda por Benidorm: \u201cTM ha comprometido en Benidorm durante la \u00faltima d\u00e9cada una inversi\u00f3n de m\u00e1s de 400 millones de euros,transformando esta zona en un referente internacional y haciendo posible que miles de familias disfruten de una nueva vida frente al mar\u201d, se\u00f1ala \u00c1ngeles Serna, presidenta de TM Grupo Inmobiliario.<\/p>  <p>Las obras de TM Tower ya han comenzado y la entrega de viviendas est\u00e1 prevista para el \u00faltimo cuatrimestre de 2028. En los primeros d\u00edas tras su lanzamiento, el inter\u00e9s medi\u00e1tico y comercial ha sido inmediato y por el momento, el 25 % de las viviendas ya est\u00e1n reservadas,demostrando as\u00ed que estamos ante uno de los proyectos m\u00e1s exclusivos y reconocidos de Europa en turismo residencial.<\/p>  <p>El proyecto arquitect\u00f3nico cuenta con dos estudios de prestigio: BakPak Architectsy GEA Architectsy est\u00e1 inspirado en la forma org\u00e1nica de un coral marino, rindiendo homenaje al Mediterr\u00e1neo y al ADN internacional de Benidorm. Desde el punto de vista t\u00e9cnico, TM Tower contar\u00e1 con una estructura de hormig\u00f3n armado de alta rigidez, validada tras ensayos en t\u00fanel de viento en la Universidad Polit\u00e9cnica de Madrid, garantizando seguridad y confort.<\/p>  <p>La movilidad vertical se resolver\u00e1 con siete ascensores ultrarr\u00e1pidos, capaces de alcanzar los 6 metros por segundo, ofreciendo a los residentes una experiencia propia de las grandes metr\u00f3polis.<\/p>  <p><\/p>  <p><\/p>  <p><\/p>  <p><\/p> ","protected":false},"excerpt":{"rendered":"<p>Un empresario alicantino ha comprado el piso m\u00e1s elevado del rascacielos en construcci\u00f3n por 2.750.000 euros<\/p>\n","protected":false},"author":0,"featured_media":18502,"comment_status":"","ping_status":"open","sticky":false,"template":"","format":"standard","meta":{"_acf_changed":false,"footnotes":""},"categories":[1],"tags":[],"class_list":["post-18501","post","type-post","status-publish","format-standard","has-post-thumbnail","hentry","category-sin-categoria"],"acf":{"ser_id":"24NVX33FENHNHBAWGIVT3IJPNE","ser_url":"https:\/\/cadenaser.com\/comunitat-valenciana\/2025\/09\/19\/los-primeros-pretendientes-de-la-tm-tower-de-benidorm-el-residencial-mas-alto-de-europa-radio-benidorm\/"},"_links":{"self":[{"href":"https:\/\/serbenidorm.daliisolutions.com\/index.php\/wp-json\/wp\/v2\/posts\/18501","targetHints":{"allow":["GET"]}}],"collection":[{"href":"https:\/\/serbenidorm.daliisolutions.com\/index.php\/wp-json\/wp\/v2\/posts"}],"about":[{"href":"https:\/\/serbenidorm.daliisolutions.com\/index.php\/wp-json\/wp\/v2\/types\/post"}],"replies":[{"embeddable":true,"href":"https:\/\/serbenidorm.daliisolutions.com\/index.php\/wp-json\/wp\/v2\/comments?post=18501"}],"version-history":[{"count":0,"href":"https:\/\/serbenidorm.daliisolutions.com\/index.php\/wp-json\/wp\/v2\/posts\/18501\/revisions"}],"wp:featuredmedia":[{"embeddable":true,"href":"https:\/\/serbenidorm.daliisolutions.com\/index.php\/wp-json\/wp\/v2\/media\/18502"}],"wp:attachment":[{"href":"https:\/\/serbenidorm.daliisolutions.com\/index.php\/wp-json\/wp\/v2\/media?parent=18501"}],"wp:term":[{"taxonomy":"category","embeddable":true,"href":"https:\/\/serbenidorm.daliisolutions.com\/index.php\/wp-json\/wp\/v2\/categories?post=18501"},{"taxonomy":"post_tag","embeddable":true,"href":"https:\/\/serbenidorm.daliisolutions.com\/index.php\/wp-json\/wp\/v2\/tags?post=18501"}],"curies":[{"name":"wp","href":"https:\/\/api.w.org\/{rel}","templated":true}]}}