{"id":18503,"date":"2025-09-19T13:03:48","date_gmt":"2025-09-19T11:03:48","guid":{"rendered":"https:\/\/serbenidorm.daliisolutions.com\/index.php\/2025\/09\/19\/el-consorci-mare-presenta-su-nuevo-servicio-de-educacion-ambiental\/"},"modified":"2025-09-19T13:03:48","modified_gmt":"2025-09-19T11:03:48","slug":"el-consorci-mare-presenta-su-nuevo-servicio-de-educacion-ambiental","status":"publish","type":"post","link":"https:\/\/serbenidorm.daliisolutions.com\/index.php\/2025\/09\/19\/el-consorci-mare-presenta-su-nuevo-servicio-de-educacion-ambiental\/","title":{"rendered":"El Consorci MARE presenta su nuevo Servicio de Educaci\u00f3n Ambiental"},"content":{"rendered":" <p>El Consorci MARE ha presentado en El Campello su nuevo Servicio de Educaci\u00f3n Ambiental, un operativo integrado por ocho educadores ambientales organizados en cuatro equipos que trabajar\u00e1n hasta finales de noviembre en los 52 municipios de su \u00e1rea de gesti\u00f3n, correspondientes a las comarcas de <a href=\"https:\/\/cadenaser.com\/tag\/benidorm\/a\/\" target=\"_blank\" rel=\"nofollow\" title=\"https:\/\/cadenaser.com\/tag\/benidorm\/a\/\">Marina Alta, Marina Baixa y L\u2019Alacant\u00ed<\/a>.<\/p>  <p>El objetivo principal de este servicio es sensibilizar a la poblaci\u00f3n, al alumnado de los centros educativos y al tejido asociativo sobre la importancia de una adecuada gesti\u00f3n de los residuos desde el origen, fomentando as\u00ed un consumo responsable y sostenible.<\/p>  <p>La presentaci\u00f3n ha tenido lugar en el Centro de Tratamiento de Residuos de El Campello, en un acto al que han acudido el presidente del Consorci MARE, Jos\u00e9 Ram\u00f3n Gonz\u00e1lez de Z\u00e1rate; el gerente de la entidad, Jos\u00e9 Antonio Astorga; as\u00ed como representantes municipales, el equipo t\u00e9cnico y el conjunto de educadores ambientales que desarrollar\u00e1n el proyecto.<\/p>  <p>Para lograr una mayor eficacia, se ha realizado un an\u00e1lisis previo de los 52 municipios consorciados, con el fin de adaptar la planificaci\u00f3n a cada realidad local y llegar as\u00ed a los cerca de 430.000 habitantes del \u00e1rea de gesti\u00f3n. Jos\u00e9 Ram\u00f3n Gonz\u00e1lez de Z\u00e1rate, presidente del Consorci MARE, ha destacado que \u201ceste servicio se ha dise\u00f1ado atendiendo a las necesidades concretas de cada municipio y de cada p\u00fablico, desde los escolares hasta la ciudadan\u00eda general, con el fin de que el mensaje cale de manera efectiva\u201d.<\/p>  <p>El programa de educaci\u00f3n ambiental del Consorci MARE se articula en torno a diversas l\u00edneas de actuaci\u00f3n vinculadas a los ecoparques m\u00f3viles (ecom\u00f3viles), las islas ecol\u00f3gicas, el Complejo Ambiental de El Campello, las playas y diferentes actividades concretas dirigidas a la poblaci\u00f3n infantil y juvenil. Esta planificaci\u00f3n ha permitido adaptar los contenidos, la metodolog\u00eda y los recursos a las necesidades espec\u00edficas de cada p\u00fablico y situaci\u00f3n.<\/p>  <p>En este marco, se llevar\u00e1n a cabo acciones vinculadas a los ecom\u00f3viles, orientadas a fomentar el consumo responsable y la correcta gesti\u00f3n de los residuos.<\/p>  <p>El servicio incluye tambi\u00e9n actuaciones en los municipios que cuentan con islas ecol\u00f3gicas, donde se instalar\u00e1n puntos informativos para orientar a la poblaci\u00f3n en su uso. Estas acciones se complementar\u00e1n con charlas en espacios p\u00fablicos y visitas puerta a puerta para atender directamente las dudas y necesidades de los vecinos.<\/p>  <p>De forma paralela, se retomar\u00e1n las visitas al Complejo Ambiental de El Campello, dirigidas a centros educativos, asociaciones y colectivos de diversa \u00edndole, as\u00ed como al p\u00fablico general. Estas actividades permitir\u00e1n dar a conocer los procesos de tratamiento de residuos dom\u00e9sticos que se desarrollan en unas instalaciones consideradas referencia en la gesti\u00f3n de residuos.<\/p>  <p>Con especial atenci\u00f3n al p\u00fablico m\u00e1s joven, el programa incorpora un escape room ambiental, una propuesta innovadora y l\u00fadica adaptable a diferentes grupos de edad. Su car\u00e1cter itinerante facilita su instalaci\u00f3n en centros educativos y otros espacios, ofreciendo una forma din\u00e1mica y participativa de acercar la sensibilizaci\u00f3n ambiental a distintos p\u00fablicos.<\/p>  <p>Asimismo, en los 14 municipios costerosdel Consorci se desplegar\u00e1n actividades espec\u00edficas en playas, espacios donde la acumulaci\u00f3n de residuos es mayor debido a la afluencia de visitantes. Estas actuaciones incluir\u00e1n la instalaci\u00f3n de puntos informativos con carpa, mostrador y elementos decorativos, adem\u00e1s de juegos de sensibilizaci\u00f3n dise\u00f1ados para p\u00fablico infantil y juvenil. Los participantes recibir\u00e1n obsequios elaborados con materiales reciclados, reforzando el mensaje de sostenibilidad y consumo responsable.<\/p>  <p>El nuevo servicio incorpora herramientas digitales y recursos innovadores para facilitar la participaci\u00f3n. Destaca la inclusi\u00f3n de c\u00f3digos Navilensen folletos y materiales informativos, lo que mejora la accesibilidad para personas con discapacidad y ofrece informaci\u00f3n en varios idiomas.<\/p>  <p>Adem\u00e1s, los centros educativos y asociaciones dispondr\u00e1n de un sistema de reservas online, que permite gestionar inscripciones, consultar horarios, recibir notificaciones y realizar cambios en tiempo real.<\/p>  <p>\u201cApostamos por la innovaci\u00f3n digital porque estas herramientas no solo mejoran la atenci\u00f3n a los usuarios, sino que tambi\u00e9n permiten una gesti\u00f3n m\u00e1s eficiente del servicio por parte del equipo\u201d, ha se\u00f1alado Mar\u00eda Larrosa, de la empresa adjudicataria Silvoturismo.<\/p>  <p>Por su parte, Jos\u00e9 Ram\u00f3n Gonz\u00e1lez de Z\u00e1rate, presidente del Consorci MARE, ha subrayado que \u201cnuestro objetivo es mejorar la formaci\u00f3n de la ciudadan\u00eda y todos los municipios son igual de importantes para el Consorcio, tanto los grandes como los peque\u00f1os. Nuestro compromiso es ofrecer un recurso \u00fatil, cercano y adaptado a la realidad de cada poblaci\u00f3n\u201d.<\/p>  <p><\/p>  <p><\/p>  <p><\/p>  <p><\/p> ","protected":false},"excerpt":{"rendered":"<p>Ocho educadores ambientales trabajar\u00e1n en cuatro equipos para acercar la sensibilizaci\u00f3n a la Marina Baixa, Alta y El Campello<\/p>\n","protected":false},"author":0,"featured_media":18504,"comment_status":"","ping_status":"open","sticky":false,"template":"","format":"standard","meta":{"_acf_changed":false,"footnotes":""},"categories":[1],"tags":[],"class_list":["post-18503","post","type-post","status-publish","format-standard","has-post-thumbnail","hentry","category-sin-categoria"],"acf":{"ser_id":"UTLAVFBECVECZJLXMYHTCGFUSQ","ser_url":"https:\/\/cadenaser.com\/comunitat-valenciana\/2025\/09\/19\/el-consorci-mare-presenta-su-nuevo-servicio-de-educacion-ambiental-radio-benidorm\/"},"_links":{"self":[{"href":"https:\/\/serbenidorm.daliisolutions.com\/index.php\/wp-json\/wp\/v2\/posts\/18503","targetHints":{"allow":["GET"]}}],"collection":[{"href":"https:\/\/serbenidorm.daliisolutions.com\/index.php\/wp-json\/wp\/v2\/posts"}],"about":[{"href":"https:\/\/serbenidorm.daliisolutions.com\/index.php\/wp-json\/wp\/v2\/types\/post"}],"replies":[{"embeddable":true,"href":"https:\/\/serbenidorm.daliisolutions.com\/index.php\/wp-json\/wp\/v2\/comments?post=18503"}],"version-history":[{"count":0,"href":"https:\/\/serbenidorm.daliisolutions.com\/index.php\/wp-json\/wp\/v2\/posts\/18503\/revisions"}],"wp:featuredmedia":[{"embeddable":true,"href":"https:\/\/serbenidorm.daliisolutions.com\/index.php\/wp-json\/wp\/v2\/media\/18504"}],"wp:attachment":[{"href":"https:\/\/serbenidorm.daliisolutions.com\/index.php\/wp-json\/wp\/v2\/media?parent=18503"}],"wp:term":[{"taxonomy":"category","embeddable":true,"href":"https:\/\/serbenidorm.daliisolutions.com\/index.php\/wp-json\/wp\/v2\/categories?post=18503"},{"taxonomy":"post_tag","embeddable":true,"href":"https:\/\/serbenidorm.daliisolutions.com\/index.php\/wp-json\/wp\/v2\/tags?post=18503"}],"curies":[{"name":"wp","href":"https:\/\/api.w.org\/{rel}","templated":true}]}}