{"id":18505,"date":"2025-09-19T13:03:49","date_gmt":"2025-09-19T11:03:49","guid":{"rendered":"https:\/\/serbenidorm.daliisolutions.com\/index.php\/2025\/09\/19\/el-chocolate-de-villajoyosa-se-consolida-en-la-pasarela-de-agatha-ruiz-de-la-prada\/"},"modified":"2025-09-19T13:03:49","modified_gmt":"2025-09-19T11:03:49","slug":"el-chocolate-de-villajoyosa-se-consolida-en-la-pasarela-de-agatha-ruiz-de-la-prada","status":"publish","type":"post","link":"https:\/\/serbenidorm.daliisolutions.com\/index.php\/2025\/09\/19\/el-chocolate-de-villajoyosa-se-consolida-en-la-pasarela-de-agatha-ruiz-de-la-prada\/","title":{"rendered":"El chocolate de Villajoyosa se consolida en la pasarela de \u00c1gatha Ru\u00edz de la Prada"},"content":{"rendered":" <p>El desfile primavera\/verano 2026 de \u00c1gatha Ruiz de la Prada, celebrado hoy en IFEMA en el marco de la Mercedes-Benz Fashion Week Madrid, ha transformado la pasarela en una experiencia sensorial total. Texturas, aromas, sabores y color se han fundido para lanzar un mensaje claro: la moda ya no solo se viste, tambi\u00e9n se saborea, se huele y se vive. En ese relato de creatividad sin l\u00edmites, <a href=\"https:\/\/cadenaser.com\/tag\/benidorm\/a\/\" target=\"_blank\" rel=\"nofollow\" title=\"https:\/\/cadenaser.com\/tag\/benidorm\/a\/\">Chocolates Marcos Tonda ha tenido un papel protagonista<\/a>.<\/p>  <p>Con m\u00e1s de dos siglos de historia desde su origen en La Vila Joiosa, la firma alicantina ha sabido integrarse con naturalidad en el lenguaje expresivo de la dise\u00f1adora. Desde la distribuci\u00f3n de chocolates entre el p\u00fablico hasta su presencia como elemento esc\u00e9nico y simb\u00f3lico en el desfile, la marca ha estado en el centro de una propuesta que rompe barreras entre disciplinas.<\/p>  <p>Carlos Maram: \u201cLa moda ya no solo viste; alimenta, perfuma y emociona\u201d<\/p>  <p>Detr\u00e1s de esta apuesta se encuentra Carlos Maram, director creativo del desfile y uno de los responsables de expandir el universo de la dise\u00f1adora m\u00e1s all\u00e1 del textil. \u201cLa moda se ha convertido en un arte multidisciplinar. \u00c1gatha no nos est\u00e1 ofreciendo colecciones, sino un estilo de vida. Y eso tambi\u00e9n se expresa en el sabor, en el olfato y en los placeres sensoriales. El chocolate, en ese contexto, no solo tiene sentido: es necesario\u201d, explica Maram.<\/p>  <p>El desfile no solo ha sorprendido por su escenograf\u00eda fantasiosa y su ritmo vitalista, sino tambi\u00e9n por la naturalidad con la que se integraron productos como los chocolates Marcos Tonda.<\/p>  <p>\u201cLo que hemos sentido &#8211; a\u00f1ade Maram &#8211; es que el p\u00fablico lo ha comprendido. Que \u00c1gatha Ruiz De la Prada no es solo una marca de moda. Y con los chocolates, hemos notado una respuesta brutal: se han convertido en parte de la experiencia.\u201d<\/p>  <p>Pero m\u00e1s all\u00e1 del presente, Maram lanza una reflexi\u00f3n clara sobre el momento que vive el dise\u00f1o: \u201cEsto no es una tendencia. Es el presente. Cualquier dise\u00f1ador deber\u00eda plantearse alianzas as\u00ed, con empresas que compartan valores. No se trata solo de vestir al p\u00fablico: tambi\u00e9n hay que alimentarlo, perfumarlo, hacerle sentir. As\u00ed se construye una marca que vive en el d\u00eda a d\u00eda de las personas.\u201d<\/p>  <p>La presencia de Chocolates Marcos Tonda en el desfile ha sido una pieza clave en la construcci\u00f3n del relato. Una forma de introducir la tradici\u00f3n en una narrativa contempor\u00e1nea, donde lo artesanal y lo emocional conviven con lo est\u00e9tico y lo disruptivo. \u201cNos emociona formar parte de un universo tan cargado de significado. <\/p>  <p>Para nosotros, el chocolate es cultura, emoci\u00f3n y memoria. Y creemos que la moda, cuando es honesta, tambi\u00e9n lo es\u201d, afirmaba Mar\u00eda Llorca, CEO de Chocolates Marcos Tonda.<\/p>  <p>La propuesta de \u00c1gatha Ruiz de la Prada en esta edici\u00f3n de la Fashion Week ha vuelto a demostrar que la moda puede traspasar sus l\u00edmites tradicionales sin perder identidad, y que la colaboraci\u00f3n con marcas como Chocolates Marcos Tonda aporta valor, coherencia y profundidad al mensaje.<\/p>  <p>En un sector donde la atenci\u00f3n ya no se gana con discursos vac\u00edos, sino con experiencias aut\u00e9nticas, esta alianza ha sido una declaraci\u00f3n de intenciones: la moda no solo se dise\u00f1a. Tambi\u00e9n se saborea.<\/p>  <p><\/p>  <p><\/p> ","protected":false},"excerpt":{"rendered":"<p>Marcos Tonda en la Madrid Fashion Week<\/p>\n","protected":false},"author":0,"featured_media":18506,"comment_status":"","ping_status":"open","sticky":false,"template":"","format":"standard","meta":{"_acf_changed":false,"footnotes":""},"categories":[1],"tags":[],"class_list":["post-18505","post","type-post","status-publish","format-standard","has-post-thumbnail","hentry","category-sin-categoria"],"acf":{"ser_id":"K2ONSENE2BHWPIHBPO7YVIOE2A","ser_url":"https:\/\/cadenaser.com\/comunitat-valenciana\/2025\/09\/19\/el-chocolate-de-villajoyosa-se-consolida-en-la-pasarela-de-agatha-ruiz-de-la-prada-radio-benidorm\/"},"_links":{"self":[{"href":"https:\/\/serbenidorm.daliisolutions.com\/index.php\/wp-json\/wp\/v2\/posts\/18505","targetHints":{"allow":["GET"]}}],"collection":[{"href":"https:\/\/serbenidorm.daliisolutions.com\/index.php\/wp-json\/wp\/v2\/posts"}],"about":[{"href":"https:\/\/serbenidorm.daliisolutions.com\/index.php\/wp-json\/wp\/v2\/types\/post"}],"replies":[{"embeddable":true,"href":"https:\/\/serbenidorm.daliisolutions.com\/index.php\/wp-json\/wp\/v2\/comments?post=18505"}],"version-history":[{"count":0,"href":"https:\/\/serbenidorm.daliisolutions.com\/index.php\/wp-json\/wp\/v2\/posts\/18505\/revisions"}],"wp:featuredmedia":[{"embeddable":true,"href":"https:\/\/serbenidorm.daliisolutions.com\/index.php\/wp-json\/wp\/v2\/media\/18506"}],"wp:attachment":[{"href":"https:\/\/serbenidorm.daliisolutions.com\/index.php\/wp-json\/wp\/v2\/media?parent=18505"}],"wp:term":[{"taxonomy":"category","embeddable":true,"href":"https:\/\/serbenidorm.daliisolutions.com\/index.php\/wp-json\/wp\/v2\/categories?post=18505"},{"taxonomy":"post_tag","embeddable":true,"href":"https:\/\/serbenidorm.daliisolutions.com\/index.php\/wp-json\/wp\/v2\/tags?post=18505"}],"curies":[{"name":"wp","href":"https:\/\/api.w.org\/{rel}","templated":true}]}}