{"id":18514,"date":"2025-09-19T15:16:48","date_gmt":"2025-09-19T13:16:48","guid":{"rendered":"https:\/\/serbenidorm.daliisolutions.com\/index.php\/2025\/09\/19\/el-futbol-de-benidorm-y-la-nucia-juega-en-casa\/"},"modified":"2025-09-19T15:16:48","modified_gmt":"2025-09-19T13:16:48","slug":"el-futbol-de-benidorm-y-la-nucia-juega-en-casa","status":"publish","type":"post","link":"https:\/\/serbenidorm.daliisolutions.com\/index.php\/2025\/09\/19\/el-futbol-de-benidorm-y-la-nucia-juega-en-casa\/","title":{"rendered":"El f\u00fatbol de Benidorm y La Nuc\u00eda juega en casa"},"content":{"rendered":" <p>El f\u00fatbol de la Marina Baixa vivir\u00e1 este fin de semana una intensa doble cita con los compromisos que deben afrontar tanto el C.F. La Nuc\u00eda como el C.F. Benidorm en sus respectivas competiciones y actuando como locales.<\/p>  <p>En el caso del conjunto roijillo, los de Berna Ballester regresan al Camilo Cano para medirse el s\u00e1bado (18:00 horas) al Alzira y, frente a ellos, tratar de encontrar la primera victoria del curso tras el empate inaugural ante el Roda y la derrota de la pasada semana ante el Jove Espa\u00f1ol.<\/p>  <p>Tras esos dos tropiezos, y aunque todav\u00eda queda muy lejos empezar a hablar de urgencias, lo cierto es que el C.F. La Nuc\u00eda es uno de los equipos se\u00f1alados para pelear, como lo hiciera hasta la \u00faltima jornada del pasado a\u00f1o, por el ascenso y, por lo tanto, es imperativo comenzar a sumar de tres en tres para no perder m\u00e1s terreno con el tren de cabeza que, tras las dos primeras fechas, comparten el Atl\u00e9tico Saguntino y el Athletic Torrellano, los dos \u00fanicos que siguen invictos.<\/p>  <p>Por su parte, en la Lliga Comunitat, el C.F. Benidorm debuta como local tras haber logrado el triunfo en su visita de la primera jornada a la cancha del Mutxamel. Para ello, y como ya es un cl\u00e1sico a estas alturas de la temporada, los de Javier Vidales deber\u00e1n disputar su duelo ante el Eldense B (domingo, 19:00 horas) en su exilio vilero del Nou Pla.<\/p>  <p>La buena noticia, al menos en el medio plazo, es que los trabajos de recuperaci\u00f3n y mejora del Guillermo Amor van, en apariencia, mucho m\u00e1s avanzados que otros a\u00f1os y en el club se conf\u00eda en que este sea el \u00fanico partido que se deba celebrar en La Vila Joiosa para poder volver a casa a principios de octubre ante el Ol\u00edmpic de X\u00e0tiva.<\/p>  <p>Antes de eso, en cualquier caso, habr\u00e1 que superar al filial de un Eldense que este a\u00f1o ha vuelto al f\u00fatbol semiprofesional despu\u00e9s de dos a\u00f1os en Segunda y que, por lo tanto, despierta todav\u00eda m\u00e1s inc\u00f3gnitas sobre el papel que su segundo equipo debe desempe\u00f1ar en cuanto a desarrollo y, sobre todo, aportaci\u00f3n de jugadores al primero.<\/p>  <p>La moral, eso s\u00ed, est\u00e1 por las nubes no s\u00f3lo por la victoria en Mutxamel sino, sobre todo, porque, como reconoc\u00eda Javier Vidales el lunes en SER Deportivos Marina Baixa, las sensaciones en ese choque fueron muy positivas en todos los sentidos del juego.<\/p> ","protected":false},"excerpt":{"rendered":"<p>El equipo de Javier Vidales disputar\u00e1 su primer partido como local en el Nou Pla de La Vila y los rojillos reciben al Alzira<\/p>\n","protected":false},"author":0,"featured_media":18515,"comment_status":"","ping_status":"open","sticky":false,"template":"","format":"standard","meta":{"_acf_changed":false,"footnotes":""},"categories":[16],"tags":[],"class_list":["post-18514","post","type-post","status-publish","format-standard","has-post-thumbnail","hentry","category-deportes"],"acf":{"ser_id":"ODPUB7AP75DZVDD5LETQDR7XFY","ser_url":"https:\/\/cadenaser.com\/comunitat-valenciana\/2025\/09\/19\/el-futbol-de-benidorm-y-la-nucia-juega-en-casa-radio-benidorm\/"},"_links":{"self":[{"href":"https:\/\/serbenidorm.daliisolutions.com\/index.php\/wp-json\/wp\/v2\/posts\/18514","targetHints":{"allow":["GET"]}}],"collection":[{"href":"https:\/\/serbenidorm.daliisolutions.com\/index.php\/wp-json\/wp\/v2\/posts"}],"about":[{"href":"https:\/\/serbenidorm.daliisolutions.com\/index.php\/wp-json\/wp\/v2\/types\/post"}],"replies":[{"embeddable":true,"href":"https:\/\/serbenidorm.daliisolutions.com\/index.php\/wp-json\/wp\/v2\/comments?post=18514"}],"version-history":[{"count":0,"href":"https:\/\/serbenidorm.daliisolutions.com\/index.php\/wp-json\/wp\/v2\/posts\/18514\/revisions"}],"wp:featuredmedia":[{"embeddable":true,"href":"https:\/\/serbenidorm.daliisolutions.com\/index.php\/wp-json\/wp\/v2\/media\/18515"}],"wp:attachment":[{"href":"https:\/\/serbenidorm.daliisolutions.com\/index.php\/wp-json\/wp\/v2\/media?parent=18514"}],"wp:term":[{"taxonomy":"category","embeddable":true,"href":"https:\/\/serbenidorm.daliisolutions.com\/index.php\/wp-json\/wp\/v2\/categories?post=18514"},{"taxonomy":"post_tag","embeddable":true,"href":"https:\/\/serbenidorm.daliisolutions.com\/index.php\/wp-json\/wp\/v2\/tags?post=18514"}],"curies":[{"name":"wp","href":"https:\/\/api.w.org\/{rel}","templated":true}]}}