{"id":18567,"date":"2025-09-22T14:49:13","date_gmt":"2025-09-22T12:49:13","guid":{"rendered":"https:\/\/serbenidorm.daliisolutions.com\/index.php\/2025\/09\/22\/el-regatista-alteano-gonzalo-suarez-conquista-la-copa-de-espana-de-ilca-7\/"},"modified":"2025-09-22T14:49:13","modified_gmt":"2025-09-22T12:49:13","slug":"el-regatista-alteano-gonzalo-suarez-conquista-la-copa-de-espana-de-ilca-7","status":"publish","type":"post","link":"https:\/\/serbenidorm.daliisolutions.com\/index.php\/2025\/09\/22\/el-regatista-alteano-gonzalo-suarez-conquista-la-copa-de-espana-de-ilca-7\/","title":{"rendered":"El regatista alteano, Gonzalo Su\u00e1rez conquista la Copa de Espa\u00f1a de ILCA 7"},"content":{"rendered":" <p>La bah\u00eda de Altea fue escenario este fin de semana de la Copa de Espa\u00f1a de ILCA 7, una de las competiciones m\u00e1s exigentes de la vela ligera nacional. Durante tres jornadas, 49 regatistas de 12 comunidades aut\u00f3nomas se enfrentaron en un campeonato de alt\u00edsimo nivel t\u00e9cnico que coron\u00f3 al joven deportista local Gonzalo Su\u00e1rez P\u00e9rez, del Club N\u00e1utico de Altea y la Federaci\u00f3 de Vela de la Comunitat Valenciana.<\/p>  <p>Su\u00e1rez protagoniz\u00f3 una remontada memorable. Tras arrancar el viernes en cuarta posici\u00f3n, ya dej\u00f3 se\u00f1ales de su potencial con una victoria parcial en la tercera manga. El s\u00e1bado consolid\u00f3 su candidatura al podio gracias a un primer puesto clave en la quinta prueba, que lo situ\u00f3 entre los mejores.<\/p>  <p>El domingo fue decisivo. Con tres mangas por disputarse, el alteano no fall\u00f3 y se impuso con autoridad en dos de ellas, confirmando su dominio en \u201csu\u201d bah\u00eda. Con 43 puntos netos, se proclam\u00f3 campe\u00f3n de Espa\u00f1a ante la emoci\u00f3n del p\u00fablico local y del equipo t\u00e9cnico del CN Altea.<\/p>  <p>El podio lo completaron Tim Lubat (RCN Palma), segundo con 46 puntos, y Fernando Abella (Federaci\u00f3n de Vela de la Regi\u00f3n de Murcia), tercero con 49. Un cierre brillante para una regata que convirti\u00f3 a Altea en el epicentro de la vela nacional durante el fin de semana.<\/p> ","protected":false},"excerpt":{"rendered":"<p>Firm\u00f3 una remontada espectacular para proclamarse campe\u00f3n nacional en aguas de la bah\u00eda alteana<\/p>\n","protected":false},"author":0,"featured_media":18568,"comment_status":"","ping_status":"open","sticky":false,"template":"","format":"standard","meta":{"_acf_changed":false,"footnotes":""},"categories":[16],"tags":[],"class_list":["post-18567","post","type-post","status-publish","format-standard","has-post-thumbnail","hentry","category-deportes"],"acf":{"ser_id":"BBRW2ZN3CJHIZHXGVL7PAZAIGI","ser_url":"https:\/\/cadenaser.com\/comunitat-valenciana\/2025\/09\/22\/el-regatista-alteano-gonzalo-suarez-conquista-la-copa-de-espana-de-ilca-7-radio-benidorm\/"},"_links":{"self":[{"href":"https:\/\/serbenidorm.daliisolutions.com\/index.php\/wp-json\/wp\/v2\/posts\/18567","targetHints":{"allow":["GET"]}}],"collection":[{"href":"https:\/\/serbenidorm.daliisolutions.com\/index.php\/wp-json\/wp\/v2\/posts"}],"about":[{"href":"https:\/\/serbenidorm.daliisolutions.com\/index.php\/wp-json\/wp\/v2\/types\/post"}],"replies":[{"embeddable":true,"href":"https:\/\/serbenidorm.daliisolutions.com\/index.php\/wp-json\/wp\/v2\/comments?post=18567"}],"version-history":[{"count":0,"href":"https:\/\/serbenidorm.daliisolutions.com\/index.php\/wp-json\/wp\/v2\/posts\/18567\/revisions"}],"wp:featuredmedia":[{"embeddable":true,"href":"https:\/\/serbenidorm.daliisolutions.com\/index.php\/wp-json\/wp\/v2\/media\/18568"}],"wp:attachment":[{"href":"https:\/\/serbenidorm.daliisolutions.com\/index.php\/wp-json\/wp\/v2\/media?parent=18567"}],"wp:term":[{"taxonomy":"category","embeddable":true,"href":"https:\/\/serbenidorm.daliisolutions.com\/index.php\/wp-json\/wp\/v2\/categories?post=18567"},{"taxonomy":"post_tag","embeddable":true,"href":"https:\/\/serbenidorm.daliisolutions.com\/index.php\/wp-json\/wp\/v2\/tags?post=18567"}],"curies":[{"name":"wp","href":"https:\/\/api.w.org\/{rel}","templated":true}]}}