{"id":18569,"date":"2025-09-22T14:49:13","date_gmt":"2025-09-22T12:49:13","guid":{"rendered":"https:\/\/serbenidorm.daliisolutions.com\/index.php\/2025\/09\/22\/el-cf-la-nucia-se-impone-a-la-ud-alzira-con-un-solitario-gol-de-juanca\/"},"modified":"2025-09-22T14:49:13","modified_gmt":"2025-09-22T12:49:13","slug":"el-cf-la-nucia-se-impone-a-la-ud-alzira-con-un-solitario-gol-de-juanca","status":"publish","type":"post","link":"https:\/\/serbenidorm.daliisolutions.com\/index.php\/2025\/09\/22\/el-cf-la-nucia-se-impone-a-la-ud-alzira-con-un-solitario-gol-de-juanca\/","title":{"rendered":"El CF La Nuc\u00eda se impone a la UD Alzira con un solitario gol de Juanca"},"content":{"rendered":" <p>El C.F. La Nuc\u00eda logr\u00f3 una valiosa victoria este s\u00e1bado en el Camilo Cano tras imponerse por 1-0 a la U.D. Alzira, en un encuentro correspondiente a la jornada 3 del Grupo 6 de la Tercera Federaci\u00f3n.<\/p>  <p>El choque, disputado el 20 de septiembre a las 18.00 h, estuvo marcado por la igualdad y la dificultad para generar ocasiones claras. La balanza se inclin\u00f3 en el minuto 71, cuando Juanca aprovech\u00f3 su oportunidad para firmar el \u00fanico tanto del partido y desatar la alegr\u00eda de la afici\u00f3n nuciera.<\/p>  <p>Con este resultado, La Nuc\u00eda suma tres puntos que le permiten escalar posiciones en la tabla y ganar confianza en este arranque de temporada. El equipo mostr\u00f3 solidez defensiva y supo sufrir para conservar la ventaja en los minutos finales frente a un rival exigente.<\/p>  <p>El pr\u00f3ximo compromiso de los de Berna Ballester ser\u00e1 a domicilio, frente a la U.D. Vall de Ux\u00f3, en un duelo que se disputar\u00e1 el domingo en el estadio Jos\u00e9 Mangri\u00f1\u00e1n, donde intentar\u00e1n dar continuidad a esta buena racha.<\/p> ","protected":false},"excerpt":{"rendered":"<p>El conjunto rojillo suma tres puntos importantes en la jornada 3 <\/p>\n","protected":false},"author":0,"featured_media":18570,"comment_status":"","ping_status":"open","sticky":false,"template":"","format":"standard","meta":{"_acf_changed":false,"footnotes":""},"categories":[16],"tags":[],"class_list":["post-18569","post","type-post","status-publish","format-standard","has-post-thumbnail","hentry","category-deportes"],"acf":{"ser_id":"3S66ESSXRNBDXK3SYZ7YNPEBOY","ser_url":"https:\/\/cadenaser.com\/comunitat-valenciana\/2025\/09\/22\/el-cf-la-nucia-se-impone-a-la-ud-alzira-con-un-solitario-gol-de-juanca-radio-benidorm\/"},"_links":{"self":[{"href":"https:\/\/serbenidorm.daliisolutions.com\/index.php\/wp-json\/wp\/v2\/posts\/18569","targetHints":{"allow":["GET"]}}],"collection":[{"href":"https:\/\/serbenidorm.daliisolutions.com\/index.php\/wp-json\/wp\/v2\/posts"}],"about":[{"href":"https:\/\/serbenidorm.daliisolutions.com\/index.php\/wp-json\/wp\/v2\/types\/post"}],"replies":[{"embeddable":true,"href":"https:\/\/serbenidorm.daliisolutions.com\/index.php\/wp-json\/wp\/v2\/comments?post=18569"}],"version-history":[{"count":0,"href":"https:\/\/serbenidorm.daliisolutions.com\/index.php\/wp-json\/wp\/v2\/posts\/18569\/revisions"}],"wp:featuredmedia":[{"embeddable":true,"href":"https:\/\/serbenidorm.daliisolutions.com\/index.php\/wp-json\/wp\/v2\/media\/18570"}],"wp:attachment":[{"href":"https:\/\/serbenidorm.daliisolutions.com\/index.php\/wp-json\/wp\/v2\/media?parent=18569"}],"wp:term":[{"taxonomy":"category","embeddable":true,"href":"https:\/\/serbenidorm.daliisolutions.com\/index.php\/wp-json\/wp\/v2\/categories?post=18569"},{"taxonomy":"post_tag","embeddable":true,"href":"https:\/\/serbenidorm.daliisolutions.com\/index.php\/wp-json\/wp\/v2\/tags?post=18569"}],"curies":[{"name":"wp","href":"https:\/\/api.w.org\/{rel}","templated":true}]}}