{"id":18571,"date":"2025-09-22T15:08:59","date_gmt":"2025-09-22T13:08:59","guid":{"rendered":"https:\/\/serbenidorm.daliisolutions.com\/index.php\/2025\/09\/22\/maria-jose-lozano-distincion-cultural-de-benidorm-es-una-gran-responsabilidad-aun-estoy-asimilandolo\/"},"modified":"2025-09-22T15:08:59","modified_gmt":"2025-09-22T13:08:59","slug":"maria-jose-lozano-distincion-cultural-de-benidorm-es-una-gran-responsabilidad-aun-estoy-asimilandolo","status":"publish","type":"post","link":"https:\/\/serbenidorm.daliisolutions.com\/index.php\/2025\/09\/22\/maria-jose-lozano-distincion-cultural-de-benidorm-es-una-gran-responsabilidad-aun-estoy-asimilandolo\/","title":{"rendered":"Mar\u00eda Jos\u00e9 Lozano, Distinci\u00f3n Cultural de Benidorm: \u00abEs una gran responsabilidad, a\u00fan estoy asimil\u00e1ndolo\u00bb"},"content":{"rendered":" <p>La profesora Mar\u00eda Jos\u00e9 Lozano recibir\u00e1 el pr\u00f3ximo 9 de octubre la Distinci\u00f3n Cultural de Benidorm, el mayor reconocimiento que otorga la ciudad en el \u00e1mbito cultural. En Hoy por Hoy Benidorm, Lozano ha asegurado sentirse \u00abmuy contenta, pero tambi\u00e9n muy sorprendida\u00bb. La llamada del alcalde le lleg\u00f3 mientras terminaba su rutina de ejercicio diaria. \u00abNo me lo esperaba en absoluto. Pensaba que me iba a preguntar c\u00f3mo estaba, no que me dar\u00eda una noticia as\u00ed\u00bb, recuerda.<\/p>  <p>Lozano, que comenz\u00f3 su trayectoria docente en 1997, ha sido profesora de Inform\u00e1tica en secundaria, asesora del CEFIRE de La Nuc\u00eda y una figura clave en el \u00e1mbito cultural local, con especial implicaci\u00f3n en el Diccionario de Benidorm, del que fue coordinadora t\u00e9cnica. \u00abNo pensaba en cultura como algo m\u00edo hasta que me lo dijeron. Y entonces te preguntas: \u00bfQu\u00e9 es cultura? Pues todo lo que te ha construido a lo largo de la vida\u00bb, reflexiona.<\/p>  <p>Su curr\u00edculum tambi\u00e9n incluye una intensa vinculaci\u00f3n con la m\u00fasica \u2014fue miembro de la Agrupaci\u00f3n Coral de Benidorm y fundadora de la Societat Musical L\u2019Illa\u2014 y la fotograf\u00eda. <\/p>  <p>Sobre su paso por el IES Pere Maria Orts i Bosch, primero como alumna y despu\u00e9s como profesora, guarda recuerdos muy especiales: \u00abFue muy emotivo volver como docente al instituto donde estudi\u00e9. Pero tambi\u00e9n fue duro ver c\u00f3mo desaparec\u00eda ese edificio lleno de memorias, sin que se hayan resuelto a\u00fan del todo los problemas para el alumnado\u00bb.<\/p>  <p>De cara al 9 de octubre, Lozano asegura que vive estos d\u00edas con gratitud y humildad. \u00abEstoy preparando unas palabras, pero sobre todo quiero disfrutarlo. Espero que mi familia, mis amigos y mis compa\u00f1eros est\u00e9n contentos. Yo lo estar\u00e9\u00bb. Con una trayectoria tejida de educaci\u00f3n, compromiso y amor por su ciudad, Mar\u00eda Jos\u00e9 Lozano representa la esencia de esta distinci\u00f3n.<\/p> ","protected":false},"excerpt":{"rendered":"<p>La profesora y divulgadora cultural ser\u00e1 reconocida por su trayectoria en el pleno del 9 de octubre.<\/p>\n","protected":false},"author":0,"featured_media":18572,"comment_status":"","ping_status":"open","sticky":false,"template":"","format":"standard","meta":{"_acf_changed":false,"footnotes":""},"categories":[1],"tags":[],"class_list":["post-18571","post","type-post","status-publish","format-standard","has-post-thumbnail","hentry","category-sin-categoria"],"acf":{"ser_id":"R4BBD4WLC5BVPH2YWWXW6L64J4","ser_url":"https:\/\/cadenaser.com\/comunitat-valenciana\/2025\/09\/22\/maria-jose-lozano-distincion-cultural-de-benidorm-es-una-gran-responsabilidad-aun-estoy-asimilandolo-radio-benidorm\/"},"_links":{"self":[{"href":"https:\/\/serbenidorm.daliisolutions.com\/index.php\/wp-json\/wp\/v2\/posts\/18571","targetHints":{"allow":["GET"]}}],"collection":[{"href":"https:\/\/serbenidorm.daliisolutions.com\/index.php\/wp-json\/wp\/v2\/posts"}],"about":[{"href":"https:\/\/serbenidorm.daliisolutions.com\/index.php\/wp-json\/wp\/v2\/types\/post"}],"replies":[{"embeddable":true,"href":"https:\/\/serbenidorm.daliisolutions.com\/index.php\/wp-json\/wp\/v2\/comments?post=18571"}],"version-history":[{"count":0,"href":"https:\/\/serbenidorm.daliisolutions.com\/index.php\/wp-json\/wp\/v2\/posts\/18571\/revisions"}],"wp:featuredmedia":[{"embeddable":true,"href":"https:\/\/serbenidorm.daliisolutions.com\/index.php\/wp-json\/wp\/v2\/media\/18572"}],"wp:attachment":[{"href":"https:\/\/serbenidorm.daliisolutions.com\/index.php\/wp-json\/wp\/v2\/media?parent=18571"}],"wp:term":[{"taxonomy":"category","embeddable":true,"href":"https:\/\/serbenidorm.daliisolutions.com\/index.php\/wp-json\/wp\/v2\/categories?post=18571"},{"taxonomy":"post_tag","embeddable":true,"href":"https:\/\/serbenidorm.daliisolutions.com\/index.php\/wp-json\/wp\/v2\/tags?post=18571"}],"curies":[{"name":"wp","href":"https:\/\/api.w.org\/{rel}","templated":true}]}}