{"id":18573,"date":"2025-09-22T15:09:00","date_gmt":"2025-09-22T13:09:00","guid":{"rendered":"https:\/\/serbenidorm.daliisolutions.com\/index.php\/2025\/09\/22\/el-mercado-municipal-de-benidorm-recuperara-al-fin-su-cafeteria\/"},"modified":"2025-09-22T15:09:00","modified_gmt":"2025-09-22T13:09:00","slug":"el-mercado-municipal-de-benidorm-recuperara-al-fin-su-cafeteria","status":"publish","type":"post","link":"https:\/\/serbenidorm.daliisolutions.com\/index.php\/2025\/09\/22\/el-mercado-municipal-de-benidorm-recuperara-al-fin-su-cafeteria\/","title":{"rendered":"El Mercado Municipal de Benidorm recuperar\u00e1 al fin su cafeter\u00eda"},"content":{"rendered":" <p>El pleno del Ayuntamiento de Benidorm ha aprobado este lunes por unanimidad la adjudicaci\u00f3n de los tres puestos reservados para bar-cafeter\u00eda del Mercado Municipal a la mercantil <a href=\"https:\/\/cadenaser.com\/tag\/benidorm\/a\/\" target=\"_blank\" rel=\"nofollow\" title=\"https:\/\/cadenaser.com\/tag\/benidorm\/a\/\">Fuster e Hijos<\/a> Meat Center SL. <\/p>  <p>Con esta adjudicaci\u00f3n el Mercado Municipal tiene ya todos sus puestos ocupados, completando as\u00ed su oferta comercial. Seg\u00fan ha explicado el concejal de Comercio, Javier Jord\u00e1, la adjudicaci\u00f3n es por un periodo m\u00e1ximo hasta el 30 de junio 2055 y por importe de 219.247,77 euros. <\/p>  <p>Tras el pleno, el edil ha indicado que \u201ccon la pr\u00f3xima apertura del bar-cafeter\u00eda culminamos el proceso para la puesta en servicio de todos los puestos del Mercado Municipal, dinamizando su actividad\u201d, tras la reciente implantaci\u00f3n de la fruter\u00eda y la pescader\u00eda. <\/p>  <p>Tambi\u00e9n por unanimidad, el pleno ha refrendado la propuesta para reconocer con la Distinci\u00f3 Cultural \u2018Ciutat de Benidorm\u2019 a la profesora <a href=\"https:\/\/cadenaser.com\/comunitat-valenciana\/2025\/09\/22\/maria-jose-lozano-distincion-cultural-de-benidorm-es-una-gran-responsabilidad-aun-estoy-asimilandolo-radio-benidorm\/\" target=\"_blank\" rel=\"nofollow\" title=\"https:\/\/cadenaser.com\/comunitat-valenciana\/2025\/09\/22\/maria-jose-lozano-distincion-cultural-de-benidorm-es-una-gran-responsabilidad-aun-estoy-asimilandolo-radio-benidorm\/\">M\u00aa Jos\u00e9 Lozano P\u00e9rez<\/a>; reconocimiento que, como cada a\u00f1o, se entregar\u00e1 durante el pleno institucional del 9 d\u2019octubre. <\/p>  <p>En materia urban\u00edstica, con los votos favorables del PP y del PSOE y la abstenci\u00f3n de VOX, se ha aprobado provisionalmente la versi\u00f3n inicial del Plan y Estudio Ambiental y Territorial Estrat\u00e9gico de Evaluaci\u00f3n Ambiental del documento de levantamiento de la suspensi\u00f3n de la vigencia del Plan General de 1990 en las \u00e1reas de Sierra Helada, l\u2019Illa y Sierra Cortina, al tiempo que se ha resuelto las siete alegaciones que se hab\u00edan presentado al mismo durante el periodo de exposici\u00f3n p\u00fablica. <\/p>  <p>La concejal de Urbanismo, Lourdes Caselles, ha recordado que \u201cel Plan General de 1990 dej\u00f3 en suspenso esas tres zonas\u201d al entender que \u201cdeb\u00edan someterse a una declaraci\u00f3n de impacto ambiental\u201d, tr\u00e1mite que se ha ido ajustando a los diferentes cambios normativos hasta la elaboraci\u00f3n del documento aprobado hoy, que cuenta con \u201ctodos los informes favorables\u201d. <\/p> ","protected":false},"excerpt":{"rendered":"<p>El pleno aprueba la adjudicaci\u00f3n los tres puestos que quedaban por ocupar<\/p>\n","protected":false},"author":0,"featured_media":18574,"comment_status":"","ping_status":"open","sticky":false,"template":"","format":"standard","meta":{"_acf_changed":false,"footnotes":""},"categories":[1],"tags":[],"class_list":["post-18573","post","type-post","status-publish","format-standard","has-post-thumbnail","hentry","category-sin-categoria"],"acf":{"ser_id":"YBHQ6UPLHVGJFNWAJOP3HH6TOY","ser_url":"https:\/\/cadenaser.com\/comunitat-valenciana\/2025\/09\/22\/el-mercado-municipal-de-benidorm-recuperara-al-fin-su-cafeteria-radio-benidorm\/"},"_links":{"self":[{"href":"https:\/\/serbenidorm.daliisolutions.com\/index.php\/wp-json\/wp\/v2\/posts\/18573","targetHints":{"allow":["GET"]}}],"collection":[{"href":"https:\/\/serbenidorm.daliisolutions.com\/index.php\/wp-json\/wp\/v2\/posts"}],"about":[{"href":"https:\/\/serbenidorm.daliisolutions.com\/index.php\/wp-json\/wp\/v2\/types\/post"}],"replies":[{"embeddable":true,"href":"https:\/\/serbenidorm.daliisolutions.com\/index.php\/wp-json\/wp\/v2\/comments?post=18573"}],"version-history":[{"count":0,"href":"https:\/\/serbenidorm.daliisolutions.com\/index.php\/wp-json\/wp\/v2\/posts\/18573\/revisions"}],"wp:featuredmedia":[{"embeddable":true,"href":"https:\/\/serbenidorm.daliisolutions.com\/index.php\/wp-json\/wp\/v2\/media\/18574"}],"wp:attachment":[{"href":"https:\/\/serbenidorm.daliisolutions.com\/index.php\/wp-json\/wp\/v2\/media?parent=18573"}],"wp:term":[{"taxonomy":"category","embeddable":true,"href":"https:\/\/serbenidorm.daliisolutions.com\/index.php\/wp-json\/wp\/v2\/categories?post=18573"},{"taxonomy":"post_tag","embeddable":true,"href":"https:\/\/serbenidorm.daliisolutions.com\/index.php\/wp-json\/wp\/v2\/tags?post=18573"}],"curies":[{"name":"wp","href":"https:\/\/api.w.org\/{rel}","templated":true}]}}