{"id":18592,"date":"2025-09-23T10:59:00","date_gmt":"2025-09-23T08:59:00","guid":{"rendered":"https:\/\/serbenidorm.daliisolutions.com\/index.php\/2025\/09\/23\/el-benidormense-hector-alvarez-top-10-en-la-contrarreloj-del-mundial-sub-23-en-ruanda\/"},"modified":"2025-09-23T10:59:00","modified_gmt":"2025-09-23T08:59:00","slug":"el-benidormense-hector-alvarez-top-10-en-la-contrarreloj-del-mundial-sub-23-en-ruanda","status":"publish","type":"post","link":"https:\/\/serbenidorm.daliisolutions.com\/index.php\/2025\/09\/23\/el-benidormense-hector-alvarez-top-10-en-la-contrarreloj-del-mundial-sub-23-en-ruanda\/","title":{"rendered":"El benidormense H\u00e9ctor \u00c1lvarez, top 10 en la contrarreloj del Mundial Sub-23 en Ruanda"},"content":{"rendered":" <p>El benidormense H\u00e9ctor \u00c1lvarez, jefe de filas de la selecci\u00f3n espa\u00f1ola Sub-23, logr\u00f3 una destacada novena posici\u00f3n en la contrarreloj del Mundial disputado en Ruanda. El corredor complet\u00f3 los 31,2 kil\u00f3metros del recorrido en Kigali con un tiempo de 40 minutos y 4 segundos, a 1 minuto y 40 segundos del sueco Jakob S\u00f6derqvist, que se llev\u00f3 la victoria con 38:24.<\/p>  <p>La prueba estuvo marcada por la exigencia del trazado, con varios repechos que pusieron a prueba la resistencia de los j\u00f3venes corredores. Pese a las dificultades, \u00c1lvarez supo mantener un buen ritmo y cerrar su participaci\u00f3n en el top 10 de la clasificaci\u00f3n.<\/p>  <p>El resultado refuerza el papel del ciclista espa\u00f1ol como referente de la selecci\u00f3n en esta cita mundialista y deja buenas sensaciones de cara a la prueba en l\u00ednea.<\/p>  <p>El pr\u00f3ximo reto para \u00c1lvarez llegar\u00e1 el jueves, cuando dispute la carrera en ruta, donde Espa\u00f1a espera estar entre los protagonistas en busca de un resultado hist\u00f3rico.<\/p> ","protected":false},"excerpt":{"rendered":"<p>El ciclista espa\u00f1ol firm\u00f3 una s\u00f3lida actuaci\u00f3n y ya piensa en la prueba en ruta del jueves<\/p>\n","protected":false},"author":0,"featured_media":18593,"comment_status":"","ping_status":"open","sticky":false,"template":"","format":"standard","meta":{"_acf_changed":false,"footnotes":""},"categories":[16],"tags":[],"class_list":["post-18592","post","type-post","status-publish","format-standard","has-post-thumbnail","hentry","category-deportes"],"acf":{"ser_id":"GK7BAYHXRJHX5APDDR67QGYDJY","ser_url":"https:\/\/cadenaser.com\/comunitat-valenciana\/2025\/09\/23\/el-benidormense-hector-alvarez-top-10-en-la-contrarreloj-del-mundial-sub-23-en-ruanda-radio-benidorm\/"},"_links":{"self":[{"href":"https:\/\/serbenidorm.daliisolutions.com\/index.php\/wp-json\/wp\/v2\/posts\/18592","targetHints":{"allow":["GET"]}}],"collection":[{"href":"https:\/\/serbenidorm.daliisolutions.com\/index.php\/wp-json\/wp\/v2\/posts"}],"about":[{"href":"https:\/\/serbenidorm.daliisolutions.com\/index.php\/wp-json\/wp\/v2\/types\/post"}],"replies":[{"embeddable":true,"href":"https:\/\/serbenidorm.daliisolutions.com\/index.php\/wp-json\/wp\/v2\/comments?post=18592"}],"version-history":[{"count":0,"href":"https:\/\/serbenidorm.daliisolutions.com\/index.php\/wp-json\/wp\/v2\/posts\/18592\/revisions"}],"wp:featuredmedia":[{"embeddable":true,"href":"https:\/\/serbenidorm.daliisolutions.com\/index.php\/wp-json\/wp\/v2\/media\/18593"}],"wp:attachment":[{"href":"https:\/\/serbenidorm.daliisolutions.com\/index.php\/wp-json\/wp\/v2\/media?parent=18592"}],"wp:term":[{"taxonomy":"category","embeddable":true,"href":"https:\/\/serbenidorm.daliisolutions.com\/index.php\/wp-json\/wp\/v2\/categories?post=18592"},{"taxonomy":"post_tag","embeddable":true,"href":"https:\/\/serbenidorm.daliisolutions.com\/index.php\/wp-json\/wp\/v2\/tags?post=18592"}],"curies":[{"name":"wp","href":"https:\/\/api.w.org\/{rel}","templated":true}]}}