{"id":18594,"date":"2025-09-23T10:59:01","date_gmt":"2025-09-23T08:59:01","guid":{"rendered":"https:\/\/serbenidorm.daliisolutions.com\/index.php\/2025\/09\/23\/el-i-torneo-intergeneracional-de-ajedrez-de-la-nucia-finaliza-con-exito\/"},"modified":"2025-09-23T10:59:01","modified_gmt":"2025-09-23T08:59:01","slug":"el-i-torneo-intergeneracional-de-ajedrez-de-la-nucia-finaliza-con-exito","status":"publish","type":"post","link":"https:\/\/serbenidorm.daliisolutions.com\/index.php\/2025\/09\/23\/el-i-torneo-intergeneracional-de-ajedrez-de-la-nucia-finaliza-con-exito\/","title":{"rendered":"El I Torneo Intergeneracional de Ajedrez de La Nuc\u00eda finaliza con \u00e9xito"},"content":{"rendered":" <p>El Sal\u00f3n Social El Cirer de La Nuc\u00eda fue escenario el pasado viernes 19 de septiembre del I Torneo Intergeneracional de Ajedrez, una iniciativa que reuni\u00f3 a participantes de distintas edades y localidades de la provincia en un ambiente de convivencia y deportividad.<\/p>  <p>La pareja formada por Paco Morat\u00f3 y Jeroni Mulet, de Gata de Gorgos, se alz\u00f3 con la victoria tras una intensa tarde de partidas. En segunda posici\u00f3n finalizaron Jos\u00e9 Antonio Garc\u00eda y su hijo \u00c1lex Garc\u00eda, de Mutxamel, mientras que el tercer puesto fue para las locales Nieves Sanle\u00f3n y Alba Navarro.<\/p>  <p>El torneo, organizado por el Club de Ajedrez de La Nuc\u00eda y Ajedrez Social Terap\u00e9utico CV, cont\u00f3 con la colaboraci\u00f3n de la Diputaci\u00f3n de Alicante y el Ayuntamiento de La Nuc\u00eda. La concejala Jessica Gommans particip\u00f3 en la entrega de trofeos.<\/p>  <p>La experiencia fue valorada de forma muy positiva, destacando el car\u00e1cter intergeneracional del evento, que permiti\u00f3 compartir el tablero a padres e hijos, abuelos y nietos o amigos de diferentes generaciones. Desde la organizaci\u00f3n ya se trabaja en futuras ediciones que sigan tendiendo puentes a trav\u00e9s del ajedrez.<\/p> ","protected":false},"excerpt":{"rendered":"<p>Morat\u00f3 y Mulet se proclaman campeones en una jornada que uni\u00f3 a j\u00f3venes y mayores<\/p>\n","protected":false},"author":0,"featured_media":18595,"comment_status":"","ping_status":"open","sticky":false,"template":"","format":"standard","meta":{"_acf_changed":false,"footnotes":""},"categories":[16],"tags":[],"class_list":["post-18594","post","type-post","status-publish","format-standard","has-post-thumbnail","hentry","category-deportes"],"acf":{"ser_id":"JTLWG4TSHZBZNIV2F2TBBRPMO4","ser_url":"https:\/\/cadenaser.com\/comunitat-valenciana\/2025\/09\/23\/el-i-torneo-intergeneracional-de-ajedrez-de-la-nucia-finaliza-con-exito-radio-benidorm\/"},"_links":{"self":[{"href":"https:\/\/serbenidorm.daliisolutions.com\/index.php\/wp-json\/wp\/v2\/posts\/18594","targetHints":{"allow":["GET"]}}],"collection":[{"href":"https:\/\/serbenidorm.daliisolutions.com\/index.php\/wp-json\/wp\/v2\/posts"}],"about":[{"href":"https:\/\/serbenidorm.daliisolutions.com\/index.php\/wp-json\/wp\/v2\/types\/post"}],"replies":[{"embeddable":true,"href":"https:\/\/serbenidorm.daliisolutions.com\/index.php\/wp-json\/wp\/v2\/comments?post=18594"}],"version-history":[{"count":0,"href":"https:\/\/serbenidorm.daliisolutions.com\/index.php\/wp-json\/wp\/v2\/posts\/18594\/revisions"}],"wp:featuredmedia":[{"embeddable":true,"href":"https:\/\/serbenidorm.daliisolutions.com\/index.php\/wp-json\/wp\/v2\/media\/18595"}],"wp:attachment":[{"href":"https:\/\/serbenidorm.daliisolutions.com\/index.php\/wp-json\/wp\/v2\/media?parent=18594"}],"wp:term":[{"taxonomy":"category","embeddable":true,"href":"https:\/\/serbenidorm.daliisolutions.com\/index.php\/wp-json\/wp\/v2\/categories?post=18594"},{"taxonomy":"post_tag","embeddable":true,"href":"https:\/\/serbenidorm.daliisolutions.com\/index.php\/wp-json\/wp\/v2\/tags?post=18594"}],"curies":[{"name":"wp","href":"https:\/\/api.w.org\/{rel}","templated":true}]}}