{"id":18596,"date":"2025-09-23T10:59:02","date_gmt":"2025-09-23T08:59:02","guid":{"rendered":"https:\/\/serbenidorm.daliisolutions.com\/index.php\/2025\/09\/23\/el-c-f-benidorm-consigue-un-empate-sin-goles-en-el-nou-pla-de-villajoyosa\/"},"modified":"2025-09-23T10:59:02","modified_gmt":"2025-09-23T08:59:02","slug":"el-c-f-benidorm-consigue-un-empate-sin-goles-en-el-nou-pla-de-villajoyosa","status":"publish","type":"post","link":"https:\/\/serbenidorm.daliisolutions.com\/index.php\/2025\/09\/23\/el-c-f-benidorm-consigue-un-empate-sin-goles-en-el-nou-pla-de-villajoyosa\/","title":{"rendered":"El C.F. Benidorm consigue un empate sin goles en el Nou Pla de Villajoyosa"},"content":{"rendered":" <p>El C.F. Benidorm y el C.D. Eldense firmaron tablas (0-0) el pasado domingo 21 de septiembre en el Nou Pla de Villajoyosa. El encuentro, disputado a las 19.00 h, estuvo marcado por la igualdad entre ambos equipos, que dispusieron de varias oportunidades pero sin acierto en la definici\u00f3n.<\/p>  <p>El choque fue intenso y muy disputado en el centro del campo, con numerosas interrupciones por faltas. La acci\u00f3n m\u00e1s destacada lleg\u00f3 con la expulsi\u00f3n del jugador local Manuel Maturana, lo que condicion\u00f3 el tramo final del partido para el Benidorm.<\/p>  <p>Pese a quedarse con un hombre menos, el conjunto benidormense logr\u00f3 mantener la porter\u00eda a cero y asegurarse un punto valioso. Con este resultado, el C.F. Benidorm contin\u00faa en la quinta posici\u00f3n de la clasificaci\u00f3n con cuatro puntos.<\/p>  <p>El pr\u00f3ximo compromiso para los de Benidorm ser\u00e1 el domingo 28 de septiembre a las 18.00 h frente al Benig\u00e0nim, un duelo en el que buscar\u00e1n reencontrarse con la victoria y seguir escalando puestos en la tabla.<\/p> ","protected":false},"excerpt":{"rendered":"<p>El conjunto benidormense suma un punto en un duelo trabado y con pocas ocasiones claras<\/p>\n","protected":false},"author":0,"featured_media":18597,"comment_status":"","ping_status":"open","sticky":false,"template":"","format":"standard","meta":{"_acf_changed":false,"footnotes":""},"categories":[16],"tags":[],"class_list":["post-18596","post","type-post","status-publish","format-standard","has-post-thumbnail","hentry","category-deportes"],"acf":{"ser_id":"Q2H3NJTGXZAILD3YTFQEM32ZUQ","ser_url":"https:\/\/cadenaser.com\/comunitat-valenciana\/2025\/09\/23\/el-cf-benidorm-consigue-un-empate-sin-goles-en-el-nou-pla-de-villajoyosa-radio-benidorm\/"},"_links":{"self":[{"href":"https:\/\/serbenidorm.daliisolutions.com\/index.php\/wp-json\/wp\/v2\/posts\/18596","targetHints":{"allow":["GET"]}}],"collection":[{"href":"https:\/\/serbenidorm.daliisolutions.com\/index.php\/wp-json\/wp\/v2\/posts"}],"about":[{"href":"https:\/\/serbenidorm.daliisolutions.com\/index.php\/wp-json\/wp\/v2\/types\/post"}],"replies":[{"embeddable":true,"href":"https:\/\/serbenidorm.daliisolutions.com\/index.php\/wp-json\/wp\/v2\/comments?post=18596"}],"version-history":[{"count":0,"href":"https:\/\/serbenidorm.daliisolutions.com\/index.php\/wp-json\/wp\/v2\/posts\/18596\/revisions"}],"wp:featuredmedia":[{"embeddable":true,"href":"https:\/\/serbenidorm.daliisolutions.com\/index.php\/wp-json\/wp\/v2\/media\/18597"}],"wp:attachment":[{"href":"https:\/\/serbenidorm.daliisolutions.com\/index.php\/wp-json\/wp\/v2\/media?parent=18596"}],"wp:term":[{"taxonomy":"category","embeddable":true,"href":"https:\/\/serbenidorm.daliisolutions.com\/index.php\/wp-json\/wp\/v2\/categories?post=18596"},{"taxonomy":"post_tag","embeddable":true,"href":"https:\/\/serbenidorm.daliisolutions.com\/index.php\/wp-json\/wp\/v2\/tags?post=18596"}],"curies":[{"name":"wp","href":"https:\/\/api.w.org\/{rel}","templated":true}]}}