{"id":1861,"date":"2024-01-30T12:49:24","date_gmt":"2024-01-30T11:49:24","guid":{"rendered":"https:\/\/serbenidorm.daliisolutions.com\/index.php\/2024\/01\/30\/nos-colamos-en-el-escenario-del-benidorm-fest-2024-secretos-y-entresijos-del-recinto-donde-espana-escogera-representante-para-eurovision\/"},"modified":"2024-01-30T12:49:24","modified_gmt":"2024-01-30T11:49:24","slug":"nos-colamos-en-el-escenario-del-benidorm-fest-2024-secretos-y-entresijos-del-recinto-donde-espana-escogera-representante-para-eurovision","status":"publish","type":"post","link":"https:\/\/serbenidorm.daliisolutions.com\/index.php\/2024\/01\/30\/nos-colamos-en-el-escenario-del-benidorm-fest-2024-secretos-y-entresijos-del-recinto-donde-espana-escogera-representante-para-eurovision\/","title":{"rendered":"Nos colamos en el escenario del Benidorm Fest 2024: secretos y entresijos del recinto donde Espa\u00f1a escoger\u00e1 representante para Eurovisi\u00f3n"},"content":{"rendered":"  <p>Benidorm<\/p>   <p>El Benidorm Fest 2024 ya est\u00e1 en marcha y Benidorm acoge ya a los seguidores y fans eurovisivos a falta de horas para que den comienzo las semifinales, que se celebrar\u00e1n el martes 30 de enero y jueves 1 de febrero.<\/p>   <p><p>M\u00e1s informaci\u00f3n<\/p><ul><li><a href=\"https:\/\/cadenaser.com\/nacional\/2024\/01\/29\/las-apuestas-del-benidorm-fest-2024-dan-a-dos-artistas-como-claros-favoritos-para-hacerse-con-el-microfono-de-bronce-cadena-ser\/\">Las apuestas del Benidorm Fest 2024 dan a dos artistas como claros favoritos para hacerse con el micr\u00f3fono de bronce<\/a><\/li><li><a href=\"https:\/\/cadenaser.com\/comunitat-valenciana\/2024\/01\/24\/el-benidorm-fest-cambia-de-jurado-a-una-semana-de-la-primera-semifinal-radio-benidorm\/\">El Benidorm Fest cambia de jurado a una semana de la primera semifinal<\/a><\/li><\/ul><\/p>   <p>Con el secretismo sobre la escenograf\u00eda y actuaciones en directo de las 16 propuestas de los participantes del festival, la Cadena SER ha podido acceder al recinto que acoger\u00e1 las tres galas del Benidorm Fest 2024. Un Palau d&#8217;Esports l&#8217;Illa completamente renovado y con un nuevo concepto que deja constancia de la consolidaci\u00f3n del festival como el evento musical referente en el panorama musical espa\u00f1ol.<\/p>   <p>Un plat\u00f3 con un gran escenario con pantallas laterales y otra central en forma de gota de agua, con pantallas tambi\u00e9n en el suelo y dos t\u00faneles de acceso y salida a los lados.<\/p>   <p>En el otro extremo del recinto se encuentra la conocida como &#8216;green room&#8217;, las mesas y sillones donde se sientan los concursantes durante la celebraci\u00f3n de la gala y donde tendr\u00e1n una vista privilegiada para disfrutar del show de sus compa\u00f1eros.<\/p>   <p>A la izquierda de la zona de concursantes, est\u00e1n los sillones del jurado profesional. Estas butacas con vista preferente al escenario cuenta con auriculares insonorizados para escuchar en directo y con m\u00e1s calidad la voz de los participantes. Adem\u00e1s, cuentan con una pantalla debajo para visualizar tambi\u00e9n la realizaci\u00f3n del programa en vivo como si estuviesen vi\u00e9ndola a trav\u00e9s de la televisi\u00f3n.<\/p>   <p>Las dos semifinales del Benidorm Fest 2024 se podr\u00e1n seguir en La 1 de RTVE poco antes de las 23:00 horas y la gran final del s\u00e1bado 3 de febrero a partir de las 22:00, donde Espa\u00f1a decidir\u00e1 qui\u00e9n le representa en Malm\u00f6 (Suecia) en la pr\u00f3xima edici\u00f3n del festival de Eurovisi\u00f3n.<\/p> ","protected":false},"excerpt":{"rendered":"<p>La SER se adentra en el Palau d&#8217;Esports l&#8217;Illa de Benidorm, donde se celebrar\u00e1 el festival m\u00e1s esperado del a\u00f1o<\/p>\n","protected":false},"author":0,"featured_media":1862,"comment_status":"open","ping_status":"open","sticky":false,"template":"","format":"standard","meta":{"_acf_changed":false,"footnotes":""},"categories":[1],"tags":[],"class_list":["post-1861","post","type-post","status-publish","format-standard","has-post-thumbnail","hentry","category-sin-categoria"],"acf":{"ser_id":"M5MTBVY43BDI3JJWCBLTD25DNE","ser_url":"https:\/\/cadenaser.com\/comunitat-valenciana\/2024\/01\/29\/nos-colamos-en-el-escenario-del-benidorm-fest-2024-secretos-y-entresijos-del-recinto-donde-espana-escogera-representante-para-eurovision-radio-benidorm\/"},"_links":{"self":[{"href":"https:\/\/serbenidorm.daliisolutions.com\/index.php\/wp-json\/wp\/v2\/posts\/1861","targetHints":{"allow":["GET"]}}],"collection":[{"href":"https:\/\/serbenidorm.daliisolutions.com\/index.php\/wp-json\/wp\/v2\/posts"}],"about":[{"href":"https:\/\/serbenidorm.daliisolutions.com\/index.php\/wp-json\/wp\/v2\/types\/post"}],"replies":[{"embeddable":true,"href":"https:\/\/serbenidorm.daliisolutions.com\/index.php\/wp-json\/wp\/v2\/comments?post=1861"}],"version-history":[{"count":0,"href":"https:\/\/serbenidorm.daliisolutions.com\/index.php\/wp-json\/wp\/v2\/posts\/1861\/revisions"}],"wp:featuredmedia":[{"embeddable":true,"href":"https:\/\/serbenidorm.daliisolutions.com\/index.php\/wp-json\/wp\/v2\/media\/1862"}],"wp:attachment":[{"href":"https:\/\/serbenidorm.daliisolutions.com\/index.php\/wp-json\/wp\/v2\/media?parent=1861"}],"wp:term":[{"taxonomy":"category","embeddable":true,"href":"https:\/\/serbenidorm.daliisolutions.com\/index.php\/wp-json\/wp\/v2\/categories?post=1861"},{"taxonomy":"post_tag","embeddable":true,"href":"https:\/\/serbenidorm.daliisolutions.com\/index.php\/wp-json\/wp\/v2\/tags?post=1861"}],"curies":[{"name":"wp","href":"https:\/\/api.w.org\/{rel}","templated":true}]}}