{"id":1863,"date":"2024-01-30T12:49:26","date_gmt":"2024-01-30T11:49:26","guid":{"rendered":"https:\/\/serbenidorm.daliisolutions.com\/index.php\/2024\/01\/30\/felipe-orts-lidera-a-la-seleccion-espanola-en-tabor\/"},"modified":"2024-01-30T12:49:26","modified_gmt":"2024-01-30T11:49:26","slug":"felipe-orts-lidera-a-la-seleccion-espanola-en-tabor","status":"publish","type":"post","link":"https:\/\/serbenidorm.daliisolutions.com\/index.php\/2024\/01\/30\/felipe-orts-lidera-a-la-seleccion-espanola-en-tabor\/","title":{"rendered":"Felipe Orts lidera a la selecci\u00f3n espa\u00f1ola en T\u00e1bor"},"content":{"rendered":"  <p>Benidorm<\/p>   <p>El seleccionador de ciclismo en ruta y ciclocross, Pascual Momparler, ha hecho p\u00fablica la lista de 15 ciclistas que defender\u00e1n los intereses de la selecci\u00f3n espa\u00f1ola en el mundial de la especialidad invernal que este fin de semana se disputar\u00e1 en el circuito checo de T\u00e1bor. All\u00ed, el corredor de La Vila Joiosa Felipe Orts volver\u00e1 a ser la <a href=\"https:\/\/cadenaser.com\/comunitat-valenciana\/2024\/01\/26\/felipe-orts-encara-el-sprint-final-de-la-temporada-con-la-vista-puesta-en-tabor-radio-benidorm\/\" target=\"_blank\" rel=\"noopener\">clara referencia<\/a> de un combinado en el que el ciclismo valenciano contar\u00e1 tambi\u00e9n con Sof\u00eda Rodr\u00edguez en categor\u00eda \u00c9lite, Ra\u00fal Mira en Sub-23 y David Ivars en J\u00fanior.<\/p>   <p>Este martes se cumpli\u00f3 el s\u00e9ptimo aniversario de la hist\u00f3rica plata conseguida por <a href=\"https:\/\/cadenaser.com\/tag\/felipe_orts_lloret\/a\/\" target=\"_blank\" rel=\"noopener\">Felipe Orts<\/a> en el campeonato del mundo disputado en 2017 en la localidad luxemburguesa de Bieles cuando el de La Vila Joiosa-N\u00e9teo militaba todav\u00eda en la categor\u00eda Sub-23.<\/p>   <p>Aquel subcampeonato mundial termin\u00f3 de confirmar el enorme potencial de un ciclista que el a\u00f1o anterior, en Zolder (B\u00e9lgica) ya hab\u00eda dado muestras de lo que estaba por venir al hacerse con la sexta plaza mundialista y dos top10 en la Copa del Mundo (siempre en categor\u00eda Sub-23) tambi\u00e9n en Zolder (6\u00ba) y Hoogerheide (10\u00ba).<\/p>   <p>Ahora, ya formando parte de la nobleza del <a href=\"https:\/\/cadenaser.com\/tag\/ciclocross\/a\/\" target=\"_blank\" rel=\"noopener\">ciclocross<\/a> mundial, Felipe Orts viajar\u00e1 a T\u00e1bor con la vista puesta en alzarse con su primer top10 mundialista en la m\u00e1xima categor\u00eda en la que, sin duda, es la carrera m\u00e1s complicada de todo el a\u00f1o.<\/p>   <p><b>Cuatro valencianos en T\u00e1bor<\/b><\/p>   <p>El buen momento que vive el ciclocross valenciano ha quedado muy patente en la lista confeccionada por Pascual Momparler ya que, adem\u00e1s del propio Felipe Orts, tambi\u00e9n la onteniense Sof\u00eda Rodr\u00edguez vestir\u00e1 el maillot de la selecci\u00f3n espa\u00f1ola en la categor\u00eda Elite.<\/p>   <p>En la categor\u00eda Sub-23 el tibe\u00f1o Ra\u00fal Mira ser\u00e1 uno de los tres representantes espa\u00f1oles mientras que el J\u00fanior, la delegaci\u00f3n m\u00e1s numerosa con hasta ocho ciclistas entre chicos y chicas, el corredor de Ll\u00edber, David Ivars, tambi\u00e9n tendr\u00e1 su opci\u00f3n de brillar en T\u00e1bor.<\/p>   <p>As\u00ed las cosas, en categor\u00eda Elite masculina, Espa\u00f1a estar\u00e1 representada por Felipe Orts y Kevin Su\u00e1rez mientras que en la m\u00e1xima categor\u00eda femenina las seleccionadas son Luc\u00eda Gonz\u00e1lez y la ya mencionada Sofr\u00eda Rodr\u00edguez.<\/p>   <p>En Sub-23, donde Espa\u00f1a viajar\u00e1 sin ciclistas femeninas, adem\u00e1s de Ra\u00fal Mira formar\u00e1n Alain Su\u00e1rez y Miguel Rodr\u00edguez.<\/p>   <p>En cuanto a la categor\u00eda J\u00fanior, los chicos seleccionados son Unax Gal\u00e1n, Hodei Mu\u00f1oz y David Ivars. La lista la completan las f\u00e9minas Lorena Pati\u00f1o, Irati Aranguren, Ana L\u00f3pez, Aroa Otero y Maier Olano.<\/p>   <p><b>Programa competitivo<\/b><\/p>   <p><u><b>S\u00e1bado, 3 de febrero<\/b><\/u><\/p>   <p><li>11:00 h \u2013 Carrera J\u00fanior femenina (Lorena Pati\u00f1o, Irati Aranguren, Ana L\u00f3pez, Aroa Otero y Maier Olano)<\/li><li>12:30 h \u2013 Carrera Sub-23 masculina (Ra\u00fal Mira, Alain Su\u00e1rez y Miguel Rodr\u00edguez)<\/li><li>14:30 h \u2013 Carrera \u00c9lite femenina (Luc\u00eda Gonz\u00e1lez y Sof\u00eda Rodr\u00edguez)<\/li><\/p>   <p><u><b>Domingo, 4 de febrero<\/b><\/u><\/p>   <p><li>11:00 h \u2013 Carrera J\u00fanior masculina (Unax Gal\u00e1n, Hodei Mu\u00f1oz y David Ivars)<\/li><li>12:30 h \u2013 Carrera Sub-23 femenina (Sin espa\u00f1olas)<\/li><li>14:30 h \u2013 Carrera \u00c9lite masculina (Felipe Orts y Kevin Su\u00e1rez)<\/li><\/p> ","protected":false},"excerpt":{"rendered":"<p>Sof\u00eda Rodr\u00edguez (\u00c9lite), Ra\u00fal Mira (Sub-23) y David Ivars (J\u00fanior) completan la lista de valencianos en la convocatoria de Pascual Momparler<\/p>\n","protected":false},"author":0,"featured_media":1864,"comment_status":"open","ping_status":"open","sticky":false,"template":"","format":"standard","meta":{"_acf_changed":false,"footnotes":""},"categories":[16],"tags":[],"class_list":["post-1863","post","type-post","status-publish","format-standard","has-post-thumbnail","hentry","category-deportes"],"acf":{"ser_id":"NX53YHSHMNEFZDNSEAMUR5P35U","ser_url":"https:\/\/cadenaser.com\/comunitat-valenciana\/2024\/01\/30\/felipe-orts-lidera-a-la-seleccion-espanola-en-tabor-radio-benidorm\/"},"_links":{"self":[{"href":"https:\/\/serbenidorm.daliisolutions.com\/index.php\/wp-json\/wp\/v2\/posts\/1863","targetHints":{"allow":["GET"]}}],"collection":[{"href":"https:\/\/serbenidorm.daliisolutions.com\/index.php\/wp-json\/wp\/v2\/posts"}],"about":[{"href":"https:\/\/serbenidorm.daliisolutions.com\/index.php\/wp-json\/wp\/v2\/types\/post"}],"replies":[{"embeddable":true,"href":"https:\/\/serbenidorm.daliisolutions.com\/index.php\/wp-json\/wp\/v2\/comments?post=1863"}],"version-history":[{"count":0,"href":"https:\/\/serbenidorm.daliisolutions.com\/index.php\/wp-json\/wp\/v2\/posts\/1863\/revisions"}],"wp:featuredmedia":[{"embeddable":true,"href":"https:\/\/serbenidorm.daliisolutions.com\/index.php\/wp-json\/wp\/v2\/media\/1864"}],"wp:attachment":[{"href":"https:\/\/serbenidorm.daliisolutions.com\/index.php\/wp-json\/wp\/v2\/media?parent=1863"}],"wp:term":[{"taxonomy":"category","embeddable":true,"href":"https:\/\/serbenidorm.daliisolutions.com\/index.php\/wp-json\/wp\/v2\/categories?post=1863"},{"taxonomy":"post_tag","embeddable":true,"href":"https:\/\/serbenidorm.daliisolutions.com\/index.php\/wp-json\/wp\/v2\/tags?post=1863"}],"curies":[{"name":"wp","href":"https:\/\/api.w.org\/{rel}","templated":true}]}}