{"id":18660,"date":"2025-09-24T16:46:58","date_gmt":"2025-09-24T14:46:58","guid":{"rendered":"https:\/\/serbenidorm.daliisolutions.com\/index.php\/2025\/09\/24\/llega-la-primera-edicion-de-la-carrera-popular-la-polopina-en-polop\/"},"modified":"2025-09-24T16:46:58","modified_gmt":"2025-09-24T14:46:58","slug":"llega-la-primera-edicion-de-la-carrera-popular-la-polopina-en-polop","status":"publish","type":"post","link":"https:\/\/serbenidorm.daliisolutions.com\/index.php\/2025\/09\/24\/llega-la-primera-edicion-de-la-carrera-popular-la-polopina-en-polop\/","title":{"rendered":"Llega la primera edici\u00f3n de la carrera popular \u201cLa Polopina\u201d en Polop"},"content":{"rendered":" <p>La concejala de Deportes de Polop, \u00c1ngela Fuster, ha asegurado que la primera edici\u00f3n de la Cursa Popular \u201cLa Polopina\u201d, que se celebrar\u00e1 este domingo 28 de septiembre, es un ejemplo de colaboraci\u00f3n entre municipios y de la apuesta del ayuntamiento por el deporte. \u201cCreo que es muy importante apoyar el deporte e innovar, pero sobre todo lo fundamental es la uni\u00f3n de los pueblos para poder organizar este tipo de carreras\u201d, afirmaba en SER Deportivos Marina Baixa.<\/p>  <p>El circuito contar\u00e1 con un recorrido de nueve kil\u00f3metros que discurre por Polop y Chirles, combinando asfalto y tramos de naturaleza. Seg\u00fan explic\u00f3 Lledonet, miembro del club ciclista de Polop y uno de los impulsores del Circuit a Peu Marina Baixa, \u201chemos dise\u00f1ado un trazado bonito y asequible, con algunos repechos, pero apto para la mayor\u00eda de corredores\u201d. La salida de los adultos ser\u00e1 a las 10.00 h desde la plaza de la ermita de Polop, mientras que las pruebas infantiles arrancar\u00e1n a las 12.00 h.<\/p>  <p>La concejala destac\u00f3 tambi\u00e9n el impacto tur\u00edstico y social de la prueba: \u201cEventos como este atraen a cientos de personas que conocen nuestro municipio, y eso es lo que le da un valor a\u00f1adido a Polop\u201d, se\u00f1al\u00f3. Lledonet, por su parte, subray\u00f3 la importancia de la cantera: \u201cQueremos fomentar el deporte desde peque\u00f1os, y por eso las carreras infantiles son gratuitas. Esperamos reunir a cerca de cien ni\u00f1os corriendo por las calles, algo que ser\u00e1 una aut\u00e9ntica fiesta\u201d.<\/p>  <p>Tanto el Ayuntamiento como el Club Ciclista Polop y el resto de asociaciones y voluntariado local trabajan de forma conjunta en la organizaci\u00f3n del evento. Para Fuster, este esfuerzo compartido tiene un objetivo claro: \u201cEsta es la primera edici\u00f3n, pero no la \u00faltima. Queremos consolidar la Polopina y el Circuit a Peu Marina Baixa para que se conviertan en citas fijas del calendario deportivo comarcal\u201d.<\/p> ","protected":false},"excerpt":{"rendered":"<p>La prueba forma parte del Primer Circuit a Peu de la Marina Baixa y se realizar\u00e1 este domingo 28 de septiembre<\/p>\n","protected":false},"author":0,"featured_media":18661,"comment_status":"","ping_status":"open","sticky":false,"template":"","format":"standard","meta":{"_acf_changed":false,"footnotes":""},"categories":[16],"tags":[],"class_list":["post-18660","post","type-post","status-publish","format-standard","has-post-thumbnail","hentry","category-deportes"],"acf":{"ser_id":"Z2Y6FP75O5HFNO2JU5ID52SZ3Q","ser_url":"https:\/\/cadenaser.com\/comunitat-valenciana\/2025\/09\/24\/llega-la-primera-edicion-de-la-carrera-popular-la-polopina-en-polop-radio-benidorm\/"},"_links":{"self":[{"href":"https:\/\/serbenidorm.daliisolutions.com\/index.php\/wp-json\/wp\/v2\/posts\/18660","targetHints":{"allow":["GET"]}}],"collection":[{"href":"https:\/\/serbenidorm.daliisolutions.com\/index.php\/wp-json\/wp\/v2\/posts"}],"about":[{"href":"https:\/\/serbenidorm.daliisolutions.com\/index.php\/wp-json\/wp\/v2\/types\/post"}],"replies":[{"embeddable":true,"href":"https:\/\/serbenidorm.daliisolutions.com\/index.php\/wp-json\/wp\/v2\/comments?post=18660"}],"version-history":[{"count":0,"href":"https:\/\/serbenidorm.daliisolutions.com\/index.php\/wp-json\/wp\/v2\/posts\/18660\/revisions"}],"wp:featuredmedia":[{"embeddable":true,"href":"https:\/\/serbenidorm.daliisolutions.com\/index.php\/wp-json\/wp\/v2\/media\/18661"}],"wp:attachment":[{"href":"https:\/\/serbenidorm.daliisolutions.com\/index.php\/wp-json\/wp\/v2\/media?parent=18660"}],"wp:term":[{"taxonomy":"category","embeddable":true,"href":"https:\/\/serbenidorm.daliisolutions.com\/index.php\/wp-json\/wp\/v2\/categories?post=18660"},{"taxonomy":"post_tag","embeddable":true,"href":"https:\/\/serbenidorm.daliisolutions.com\/index.php\/wp-json\/wp\/v2\/tags?post=18660"}],"curies":[{"name":"wp","href":"https:\/\/api.w.org\/{rel}","templated":true}]}}