{"id":18662,"date":"2025-09-24T17:15:29","date_gmt":"2025-09-24T15:15:29","guid":{"rendered":"https:\/\/serbenidorm.daliisolutions.com\/index.php\/2025\/09\/24\/benidorm-celebra-el-dia-del-turismo-con-sus-premios-varios-retos-y-un-emotivo-recuerdo\/"},"modified":"2025-09-24T17:15:29","modified_gmt":"2025-09-24T15:15:29","slug":"benidorm-celebra-el-dia-del-turismo-con-sus-premios-varios-retos-y-un-emotivo-recuerdo","status":"publish","type":"post","link":"https:\/\/serbenidorm.daliisolutions.com\/index.php\/2025\/09\/24\/benidorm-celebra-el-dia-del-turismo-con-sus-premios-varios-retos-y-un-emotivo-recuerdo\/","title":{"rendered":"Benidorm celebra el D\u00eda del Turismo con sus premios, varios retos y un emotivo recuerdo"},"content":{"rendered":" <p>Benidorm ha celebrado con algo de antelaci\u00f3n el D\u00eda Mundial del Turismo mientras mira a Jap\u00f3n, donde participa activamente en su Feria Internacional de Turismo, o a Bruselas, pendiente de saber si conseguir\u00e1 la semana que viene el premio European Green Leaf 2027 de la Comisi\u00f3n Europea.<\/p>  <p>El sal\u00f3n de actos del Ayuntamiento de la capital tur\u00edstica ha acogido este mi\u00e9rcoles la entrega de los premios de turismo &#8216;Ciudad de Benidorm&#8217; en una ceremonia marcada por el recuerdo al recientemente fallecido Vicent Climent Llorca, impulsor de la m\u00edtica sala de fiestas Benidorm Palace.<\/p>  <p>En un emotivo discurso David Climent ha recordado que su padre, aunque nacido en Finestrat, siempre llevaba el nombre de Benidorm haya donde iba: <a href=\"https:\/\/cadenaser.com\/tag\/benidorm\/a\/\" target=\"_blank\" rel=\"nofollow\" title=\"https:\/\/cadenaser.com\/tag\/benidorm\/a\/\">\u00abHaya donde est\u00e9 estar\u00e1 sonriendo de oreja a oreja sobre todo por un premio que se llama &#8216;Ciudad de Benidorm&#8217; y en pos del turismo\u00bb<\/a>. <\/p>  <p>\u00abFue muy trabajador, humilde, amigo de sus amigos y un cabeza de familia ejemplar. Con su ilusi\u00f3n y el respaldo incesante de su mujer, mi madre Cristina, logr\u00f3 poner el nombre del Benidorm Palace en lo m\u00e1s alto del espect\u00e1culo mundial\u00bb, ha recordado David tras recibir un galard\u00f3n caracterizado por llevar arena de las playas de la ciudad en su interior.<\/p>  <p>El categor\u00eda internacional el reconocimiento ha sido para Jet2Holidays, principal turoperador internacional de la Costa Blanca. El consejero y director de Operaciones de la compa\u00f1\u00eda, David Salafranca, ha cifrado que en casi 23 a\u00f1os que han trabajado en nuestra zona han tra\u00eddo hasta siete millones de turistas brit\u00e1nicos.<\/p>  <p>A nivel nacional el &#8216;Ciudad de Benidorm&#8217; ha sido para el Grupo Social ONCE por su trabajo por su compromiso con la accesibilidad y el turismo inclusivo y su presidente, Miguel Carballeda, ha bromeado con la pronta apertura de un hotel de la cadena Ilunion en la ciudad. Despu\u00e9s desvelaba que el Sueldazo del Fin de Semana del s\u00e1bado est\u00e1 dedicado al D\u00eda Mundial del Turismo bajo el lema \u201cTurismo Accesible para disfrutar en Igualdad\u2019.<\/p>  <p>Vicente Boluda, presidente de la Asociaci\u00f3n Valenciana de Empresarios, ha recibido el premio para la entidad en la categor\u00eda auton\u00f3mica recordando su apuesta por desarrollar cada a\u00f1o en la ciudad unas \u2018Jornadas de Turismo\u2019 que persiguen poner en valor el papel del sector tur\u00edstico como motor econ\u00f3mico transversal.<\/p>  <p>En el plano local ABRECA y su 40 aniversario han sido los reconocidos. El presidente de los hosteleros, Javier del Castillo, ha querido homenajear a todos los miembros de la asociaci\u00f3n ya desaparecidos.<\/p>  <p>Para cerrar el acto, el que adem\u00e1s 45 empresas y recursos tur\u00edsticos de la ciudad han renovado su compromiso SICTED con la calidad, el alcalde de Benidorm ha definido algunos de los retos que enfrenta el sector como la falta de mano de obra especializada o la escasez de capacidad alojativa: \u00abEn el caso de Benidorm se imaginan d\u00f3nde estar\u00edamos con una conexi\u00f3n ferroviaria con el Aeropuerto de Alicante o con una financiaci\u00f3n m\u00e1s justa\u00bb, ha reivindicado Toni P\u00e9rez.<\/p>  <p><\/p>  <p><\/p>  <p><\/p>  <p><\/p> ","protected":false},"excerpt":{"rendered":"<p>La menci\u00f3n especial del premio de turismo &#8216;Ciudad de Benidorm&#8217; ha sido para Vicent Climent Llorca, del Benidorm Palace, a t\u00edtulo p\u00f3stumo<\/p>\n","protected":false},"author":0,"featured_media":18663,"comment_status":"","ping_status":"open","sticky":false,"template":"","format":"standard","meta":{"_acf_changed":false,"footnotes":""},"categories":[1],"tags":[],"class_list":["post-18662","post","type-post","status-publish","format-standard","has-post-thumbnail","hentry","category-sin-categoria"],"acf":{"ser_id":"KG4RXRBDGBATZP32JIUSESLF2E","ser_url":"https:\/\/cadenaser.com\/comunitat-valenciana\/2025\/09\/24\/benidorm-celebra-el-dia-del-turismo-con-sus-premios-varios-retos-y-un-emotivo-recuerdo-radio-benidorm\/"},"_links":{"self":[{"href":"https:\/\/serbenidorm.daliisolutions.com\/index.php\/wp-json\/wp\/v2\/posts\/18662","targetHints":{"allow":["GET"]}}],"collection":[{"href":"https:\/\/serbenidorm.daliisolutions.com\/index.php\/wp-json\/wp\/v2\/posts"}],"about":[{"href":"https:\/\/serbenidorm.daliisolutions.com\/index.php\/wp-json\/wp\/v2\/types\/post"}],"replies":[{"embeddable":true,"href":"https:\/\/serbenidorm.daliisolutions.com\/index.php\/wp-json\/wp\/v2\/comments?post=18662"}],"version-history":[{"count":0,"href":"https:\/\/serbenidorm.daliisolutions.com\/index.php\/wp-json\/wp\/v2\/posts\/18662\/revisions"}],"wp:featuredmedia":[{"embeddable":true,"href":"https:\/\/serbenidorm.daliisolutions.com\/index.php\/wp-json\/wp\/v2\/media\/18663"}],"wp:attachment":[{"href":"https:\/\/serbenidorm.daliisolutions.com\/index.php\/wp-json\/wp\/v2\/media?parent=18662"}],"wp:term":[{"taxonomy":"category","embeddable":true,"href":"https:\/\/serbenidorm.daliisolutions.com\/index.php\/wp-json\/wp\/v2\/categories?post=18662"},{"taxonomy":"post_tag","embeddable":true,"href":"https:\/\/serbenidorm.daliisolutions.com\/index.php\/wp-json\/wp\/v2\/tags?post=18662"}],"curies":[{"name":"wp","href":"https:\/\/api.w.org\/{rel}","templated":true}]}}