{"id":18668,"date":"2025-09-24T19:17:12","date_gmt":"2025-09-24T17:17:12","guid":{"rendered":"https:\/\/serbenidorm.daliisolutions.com\/index.php\/2025\/09\/24\/benidorm-sin-anuncios-de-mazon-durante-el-debate-de-politica-general\/"},"modified":"2025-09-24T19:17:12","modified_gmt":"2025-09-24T17:17:12","slug":"benidorm-sin-anuncios-de-mazon-durante-el-debate-de-politica-general","status":"publish","type":"post","link":"https:\/\/serbenidorm.daliisolutions.com\/index.php\/2025\/09\/24\/benidorm-sin-anuncios-de-mazon-durante-el-debate-de-politica-general\/","title":{"rendered":"Benidorm, sin anuncios de Maz\u00f3n durante el Debate de Pol\u00edtica General"},"content":{"rendered":" <p>El PSPV-PSOE, al frente de la oposici\u00f3n tanto en el Ayuntamiento de Benidorm como en la Generalitat Valenciana, ha criticado con dureza que en su segundo Debate de Pol\u00edtica General como president de la Generalitat Carlos Maz\u00f3n no hiciese referencia a los temas pendientes de la capital tur\u00edstica.<\/p>  <p>El diputado auton\u00f3mico Mario Villar ha tildado el discurso del jefe del Consell en las Cortes Valencianas de \u00abmitin deplorable\u00bb y ha censurado que en sus m\u00e1s de cinco horas de duraci\u00f3n no mencionase ning\u00fan proyecto estrat\u00e9gico para la ciudad: <a href=\"https:\/\/cadenaser.com\/tag\/benidorm\/a\/\" target=\"_blank\" rel=\"nofollow\" title=\"https:\/\/cadenaser.com\/tag\/benidorm\/a\/\">\u00abTodo este tiempo hablando y ni una referencia al Centro Cultural, ni de la posible banca rota de la primera ciudad tur\u00edstica de la Comunitat, ni del centro de salud de Els Tolls\u00bb<\/a>, ha indicado el socialista. <\/p>  <p>\u00abLo que s\u00ed supo hacer, y es algo muy grave, fue faltar el respeto a las v\u00edctimas de la DANA. Nosotros necesitamos un president a la altura de las circunstancias, no lo que se vio ayer\u00bb, subraya Villar.<\/p>  <p>En la misma l\u00ednea se ha manifestado la portavoz local del PSOE, Cristina Escoda, que ha aprovechado para arremeter tambi\u00e9n contra el alcalde Toni P\u00e9rez: \u00abSe desplaza hasta Valencia no para reclamar y reivindicar todas las infraestructuras importantes que nuestro municipio necesita, si no arropar a Maz\u00f3n en una tarde que ser\u00e1 recordada por su indignidad con las v\u00edctimas de la DANA\u00bb.<\/p>  <p>Escoda ha pedido de nuevo al primer edil que recupere esa faceta reivindicativa que mostraba con al anterior gobierno socialista y \u00abque cambie los aplausos por peticiones para acabar con todos los proyectos pendientes que tiene la Generalitat en la ciudad\u00bb.. <\/p>  <p><\/p>  <p><\/p>  <p><\/p> ","protected":false},"excerpt":{"rendered":"<p>El PSOE critica que el president de la Generalitat no mencione ning\u00fan proyecto estrat\u00e9gico para la ciudad<\/p>\n","protected":false},"author":0,"featured_media":18669,"comment_status":"","ping_status":"open","sticky":false,"template":"","format":"standard","meta":{"_acf_changed":false,"footnotes":""},"categories":[1],"tags":[],"class_list":["post-18668","post","type-post","status-publish","format-standard","has-post-thumbnail","hentry","category-sin-categoria"],"acf":{"ser_id":"FBINKACR7RAPLGNDBXPDJXMMNU","ser_url":"https:\/\/cadenaser.com\/comunitat-valenciana\/2025\/09\/24\/mazon-no-hace-referencia-a-benidorm-durante-el-debate-de-politica-general-radio-benidorm\/"},"_links":{"self":[{"href":"https:\/\/serbenidorm.daliisolutions.com\/index.php\/wp-json\/wp\/v2\/posts\/18668","targetHints":{"allow":["GET"]}}],"collection":[{"href":"https:\/\/serbenidorm.daliisolutions.com\/index.php\/wp-json\/wp\/v2\/posts"}],"about":[{"href":"https:\/\/serbenidorm.daliisolutions.com\/index.php\/wp-json\/wp\/v2\/types\/post"}],"replies":[{"embeddable":true,"href":"https:\/\/serbenidorm.daliisolutions.com\/index.php\/wp-json\/wp\/v2\/comments?post=18668"}],"version-history":[{"count":0,"href":"https:\/\/serbenidorm.daliisolutions.com\/index.php\/wp-json\/wp\/v2\/posts\/18668\/revisions"}],"wp:featuredmedia":[{"embeddable":true,"href":"https:\/\/serbenidorm.daliisolutions.com\/index.php\/wp-json\/wp\/v2\/media\/18669"}],"wp:attachment":[{"href":"https:\/\/serbenidorm.daliisolutions.com\/index.php\/wp-json\/wp\/v2\/media?parent=18668"}],"wp:term":[{"taxonomy":"category","embeddable":true,"href":"https:\/\/serbenidorm.daliisolutions.com\/index.php\/wp-json\/wp\/v2\/categories?post=18668"},{"taxonomy":"post_tag","embeddable":true,"href":"https:\/\/serbenidorm.daliisolutions.com\/index.php\/wp-json\/wp\/v2\/tags?post=18668"}],"curies":[{"name":"wp","href":"https:\/\/api.w.org\/{rel}","templated":true}]}}