{"id":1868,"date":"2024-01-30T15:24:36","date_gmt":"2024-01-30T14:24:36","guid":{"rendered":"https:\/\/serbenidorm.daliisolutions.com\/index.php\/2024\/01\/30\/el-c-f-benidorm-convierte-su-partido-en-el-guillermo-amor-en-una-jornada-benefica\/"},"modified":"2024-01-30T15:24:36","modified_gmt":"2024-01-30T14:24:36","slug":"el-c-f-benidorm-convierte-su-partido-en-el-guillermo-amor-en-una-jornada-benefica","status":"publish","type":"post","link":"https:\/\/serbenidorm.daliisolutions.com\/index.php\/2024\/01\/30\/el-c-f-benidorm-convierte-su-partido-en-el-guillermo-amor-en-una-jornada-benefica\/","title":{"rendered":"El C.F. Benidorm convierte su partido en el Guillermo Amor en una jornada ben\u00e9fica"},"content":{"rendered":"  <p>Benidorm<\/p>   <p>El C.F. Benidorm vuelve el pr\u00f3ximo domingo (12:00 horas) al Estadio Guillermo Amor para medirse, en partido correspondiente a la 17\u00aa jornada de liga, a L\u2019Oller\u00eda, un choque que la directiva de la entidad benidormense ha querido convertir en una jornada ben\u00e9fica a favor de la Asociaci\u00f3n Espa\u00f1ola Contra el C\u00e1ncer y la ONG An\u00e9mona Marina Baixa.<\/p>   <p>En un comunicado publicado a trav\u00e9s de sus redes sociales, el C.F. Benidorm ha explicado que destinar\u00e1 el 50% del importe de las entradas de ese partido a las dos asociaciones ya mencionadas con motivo del D\u00eda Internacional Contra el C\u00e1ncer.<\/p>  <p><figure><img decoding=\"async\" src=\"https:\/\/cadenaser.com\/resizer\/e41TQ9lexUYjtu1r0Ey5UX6vP84=\/650x650\/filters:quality(70)\/cloudfront-eu-central-1.images.arcpublishing.com\/prisaradio\/EU7PBALKJNFW3FNTMEKIP32S3M.jpg\" loading=\"lazy\" width=\"650\" height=\"650\" \/><\/figure><button>Ampliar<\/button><\/p>   <p>De esta manera, aseguran desde el club, \u201cel C.F. Benidorm quiere hacer de su siguiente partido en el Estadio Municipal Guillermo Amor otro d\u00eda especial, en que el f\u00fatbol y la solidaridad se unan con motivo del D\u00eda Internacional Contra el C\u00e1ncer, que se celebra este domingo, 4 de febrero\u201d.<\/p>   <p>As\u00ed, el club ha decidido destinar la mitad del importe de cada entrada del encuentro liguero frente a L\u2019Olleria, \u201ca apoyar la labor que realizan la Asociaci\u00f3n Espa\u00f1ola Contra El C\u00e1ncer y la ONG An\u00e9mona, grupo de autoayuda para mujeres con c\u00e1ncer de mama de la Marina Baixa\u201d.<\/p> ","protected":false},"excerpt":{"rendered":"<p>El club destinar\u00e1 el 50% del precio de las entradas a la Asociaci\u00f3n Espa\u00f1ola Contra el C\u00e1ncer y An\u00e9mona <\/p>\n","protected":false},"author":0,"featured_media":1869,"comment_status":"open","ping_status":"open","sticky":false,"template":"","format":"standard","meta":{"_acf_changed":false,"footnotes":""},"categories":[16],"tags":[],"class_list":["post-1868","post","type-post","status-publish","format-standard","has-post-thumbnail","hentry","category-deportes"],"acf":{"ser_id":"2HBU5YHYSBCNXC56YZXQQI4444","ser_url":"https:\/\/cadenaser.com\/comunitat-valenciana\/2024\/01\/30\/el-cf-benidorm-convierte-su-partido-en-el-guillermo-amor-en-una-jornada-benefica-radio-benidorm\/"},"_links":{"self":[{"href":"https:\/\/serbenidorm.daliisolutions.com\/index.php\/wp-json\/wp\/v2\/posts\/1868","targetHints":{"allow":["GET"]}}],"collection":[{"href":"https:\/\/serbenidorm.daliisolutions.com\/index.php\/wp-json\/wp\/v2\/posts"}],"about":[{"href":"https:\/\/serbenidorm.daliisolutions.com\/index.php\/wp-json\/wp\/v2\/types\/post"}],"replies":[{"embeddable":true,"href":"https:\/\/serbenidorm.daliisolutions.com\/index.php\/wp-json\/wp\/v2\/comments?post=1868"}],"version-history":[{"count":0,"href":"https:\/\/serbenidorm.daliisolutions.com\/index.php\/wp-json\/wp\/v2\/posts\/1868\/revisions"}],"wp:featuredmedia":[{"embeddable":true,"href":"https:\/\/serbenidorm.daliisolutions.com\/index.php\/wp-json\/wp\/v2\/media\/1869"}],"wp:attachment":[{"href":"https:\/\/serbenidorm.daliisolutions.com\/index.php\/wp-json\/wp\/v2\/media?parent=1868"}],"wp:term":[{"taxonomy":"category","embeddable":true,"href":"https:\/\/serbenidorm.daliisolutions.com\/index.php\/wp-json\/wp\/v2\/categories?post=1868"},{"taxonomy":"post_tag","embeddable":true,"href":"https:\/\/serbenidorm.daliisolutions.com\/index.php\/wp-json\/wp\/v2\/tags?post=1868"}],"curies":[{"name":"wp","href":"https:\/\/api.w.org\/{rel}","templated":true}]}}