{"id":18680,"date":"2025-09-25T13:07:52","date_gmt":"2025-09-25T11:07:52","guid":{"rendered":"https:\/\/serbenidorm.daliisolutions.com\/index.php\/2025\/09\/25\/benidorm-acogera-la-jornada-final-del-campionat-autonomic-de-futbol-8-adaptado\/"},"modified":"2025-09-25T13:07:52","modified_gmt":"2025-09-25T11:07:52","slug":"benidorm-acogera-la-jornada-final-del-campionat-autonomic-de-futbol-8-adaptado","status":"publish","type":"post","link":"https:\/\/serbenidorm.daliisolutions.com\/index.php\/2025\/09\/25\/benidorm-acogera-la-jornada-final-del-campionat-autonomic-de-futbol-8-adaptado\/","title":{"rendered":"Benidorm acoger\u00e1 la jornada final del Campionat Auton\u00f2mic de Futbol 8 adaptado"},"content":{"rendered":" <p>Esta ma\u00f1ana se ha presentado el cartel oficial de la Jornada Final del Campionat Auton\u00f2mic de Futbol 8 de f\u00fatbol adaptado, una cita deportiva que se disputar\u00e1 el pr\u00f3ximo domingo 28 de septiembre en el Camp Antonio L\u00f3pez. El evento se desarrollar\u00e1 desde las 9.45 h hasta las 15.00 h y reunir\u00e1 a equipos de distintas localidades de la Comunitat Valenciana.<\/p>  <p>La competici\u00f3n contar\u00e1 con la presencia de clubes de gran relevancia en el panorama auton\u00f3mico y nacional. Entre ellos destacan el Valencia CF, Elche CF, H\u00e9rcules Paral\u00edmpico, Fundaci\u00f3n Levante UD, Sporting Alaqu\u00e0s, Primer Toque y Titanes sin Barreras, adem\u00e1s de la participaci\u00f3n de Veda Sport, consolidando un cartel diverso y de gran nivel.<\/p>  <img src='https:\/\/cloudfront-eu-central-1.images.arcpublishing.com\/prisaradio\/IQN3CYQDEVB5LKSYR7YLLG2AUM.jpeg' alt='El campeonato busca transmitir valores fundamentales como la inclusi\u00f3n, la integraci\u00f3n y la igualdad' \/>  <p>El campeonato no solo busca ofrecer espect\u00e1culo deportivo, sino tambi\u00e9n transmitir valores fundamentales como la inclusi\u00f3n, la integraci\u00f3n y la igualdad, siendo un escaparate del esfuerzo y compromiso de los deportistas con diversidad funcional.<\/p>  <p>La organizaci\u00f3n corre a cargo de la FEDI-CV con la colaboraci\u00f3n de la Generalitat Valenciana, la Diputaci\u00f3n de Alicante, el Ayuntamiento de Benidorm y diversas entidades sociales y deportivas. Todo ello con el objetivo de convertir la jornada en una aut\u00e9ntica fiesta del f\u00fatbol adaptado y en una referencia dentro del calendario auton\u00f3mico.<\/p> ","protected":false},"excerpt":{"rendered":"<p>El torneo se celebrar\u00e1 el domingo 28 de septiembre en el Camp Antonio L\u00f3pez con la participaci\u00f3n de clubes de toda la Comunitat Valenciana<\/p>\n","protected":false},"author":0,"featured_media":18681,"comment_status":"","ping_status":"open","sticky":false,"template":"","format":"standard","meta":{"_acf_changed":false,"footnotes":""},"categories":[16],"tags":[],"class_list":["post-18680","post","type-post","status-publish","format-standard","has-post-thumbnail","hentry","category-deportes"],"acf":{"ser_id":"GD6BXGGS2BGS7ALTWCEVIGQWEA","ser_url":"https:\/\/cadenaser.com\/comunitat-valenciana\/2025\/09\/25\/benidorm-acogera-la-jornada-final-del-campionat-autonomic-de-futbol-8-adaptado-radio-benidorm\/"},"_links":{"self":[{"href":"https:\/\/serbenidorm.daliisolutions.com\/index.php\/wp-json\/wp\/v2\/posts\/18680","targetHints":{"allow":["GET"]}}],"collection":[{"href":"https:\/\/serbenidorm.daliisolutions.com\/index.php\/wp-json\/wp\/v2\/posts"}],"about":[{"href":"https:\/\/serbenidorm.daliisolutions.com\/index.php\/wp-json\/wp\/v2\/types\/post"}],"replies":[{"embeddable":true,"href":"https:\/\/serbenidorm.daliisolutions.com\/index.php\/wp-json\/wp\/v2\/comments?post=18680"}],"version-history":[{"count":0,"href":"https:\/\/serbenidorm.daliisolutions.com\/index.php\/wp-json\/wp\/v2\/posts\/18680\/revisions"}],"wp:featuredmedia":[{"embeddable":true,"href":"https:\/\/serbenidorm.daliisolutions.com\/index.php\/wp-json\/wp\/v2\/media\/18681"}],"wp:attachment":[{"href":"https:\/\/serbenidorm.daliisolutions.com\/index.php\/wp-json\/wp\/v2\/media?parent=18680"}],"wp:term":[{"taxonomy":"category","embeddable":true,"href":"https:\/\/serbenidorm.daliisolutions.com\/index.php\/wp-json\/wp\/v2\/categories?post=18680"},{"taxonomy":"post_tag","embeddable":true,"href":"https:\/\/serbenidorm.daliisolutions.com\/index.php\/wp-json\/wp\/v2\/tags?post=18680"}],"curies":[{"name":"wp","href":"https:\/\/api.w.org\/{rel}","templated":true}]}}