{"id":18709,"date":"2025-09-26T07:24:08","date_gmt":"2025-09-26T05:24:08","guid":{"rendered":"https:\/\/serbenidorm.daliisolutions.com\/index.php\/2025\/09\/26\/moros-y-cristianos-de-altea-programa-completo-y-entrevista-al-pregonero-miguel-lledo\/"},"modified":"2025-09-26T07:24:08","modified_gmt":"2025-09-26T05:24:08","slug":"moros-y-cristianos-de-altea-programa-completo-y-entrevista-al-pregonero-miguel-lledo","status":"publish","type":"post","link":"https:\/\/serbenidorm.daliisolutions.com\/index.php\/2025\/09\/26\/moros-y-cristianos-de-altea-programa-completo-y-entrevista-al-pregonero-miguel-lledo\/","title":{"rendered":"Moros y Cristianos de Altea: programa completo y entrevista al pregonero Miguel Lled\u00f3"},"content":{"rendered":" <p>Vecinos y visitantes asisten con emoci\u00f3n al arranque de las Fiestas Patronales y de Moros y Cristianos de Altea que se van a prolongar entre el 26 y el 30 de septiembre coincidiendo con las celebraciones en honor al Sant\u00edsimo Cristo del Sagrario y San Blas.<\/p>  <p>Una aut\u00e9ntica manifestaci\u00f3n cultural que combina actos religiosos, desfiles, m\u00fasica, color y tradici\u00f3n. Se celebran <a href=\"https:\/\/cadenaser.com\/tag\/benidorm\/a\/\" target=\"_blank\" rel=\"nofollow\" title=\"https:\/\/cadenaser.com\/tag\/benidorm\/a\/\">desde 1979<\/a> bajo la organizaci\u00f3n de la Federaci\u00f3n de Moros y Cristianos de la villa blanca.<\/p> ","protected":false},"excerpt":{"rendered":"<p>Del 26 al 30 de septiembre<\/p>\n","protected":false},"author":0,"featured_media":18710,"comment_status":"","ping_status":"open","sticky":false,"template":"","format":"standard","meta":{"_acf_changed":false,"footnotes":""},"categories":[1],"tags":[],"class_list":["post-18709","post","type-post","status-publish","format-standard","has-post-thumbnail","hentry","category-sin-categoria"],"acf":{"ser_id":"5T6HJAOGOZBADL2BQJAE7SVNAA","ser_url":"https:\/\/cadenaser.com\/comunitat-valenciana\/2025\/09\/25\/moros-y-cristianos-de-altea-programa-completo-y-entrevista-al-pregonero-miguel-lledo-radio-benidorm\/"},"_links":{"self":[{"href":"https:\/\/serbenidorm.daliisolutions.com\/index.php\/wp-json\/wp\/v2\/posts\/18709","targetHints":{"allow":["GET"]}}],"collection":[{"href":"https:\/\/serbenidorm.daliisolutions.com\/index.php\/wp-json\/wp\/v2\/posts"}],"about":[{"href":"https:\/\/serbenidorm.daliisolutions.com\/index.php\/wp-json\/wp\/v2\/types\/post"}],"replies":[{"embeddable":true,"href":"https:\/\/serbenidorm.daliisolutions.com\/index.php\/wp-json\/wp\/v2\/comments?post=18709"}],"version-history":[{"count":0,"href":"https:\/\/serbenidorm.daliisolutions.com\/index.php\/wp-json\/wp\/v2\/posts\/18709\/revisions"}],"wp:featuredmedia":[{"embeddable":true,"href":"https:\/\/serbenidorm.daliisolutions.com\/index.php\/wp-json\/wp\/v2\/media\/18710"}],"wp:attachment":[{"href":"https:\/\/serbenidorm.daliisolutions.com\/index.php\/wp-json\/wp\/v2\/media?parent=18709"}],"wp:term":[{"taxonomy":"category","embeddable":true,"href":"https:\/\/serbenidorm.daliisolutions.com\/index.php\/wp-json\/wp\/v2\/categories?post=18709"},{"taxonomy":"post_tag","embeddable":true,"href":"https:\/\/serbenidorm.daliisolutions.com\/index.php\/wp-json\/wp\/v2\/tags?post=18709"}],"curies":[{"name":"wp","href":"https:\/\/api.w.org\/{rel}","templated":true}]}}