{"id":18716,"date":"2025-09-26T11:42:57","date_gmt":"2025-09-26T09:42:57","guid":{"rendered":"https:\/\/serbenidorm.daliisolutions.com\/index.php\/2025\/09\/26\/el-huesitos-la-vila-inicia-la-division-de-honor-en-ordizia\/"},"modified":"2025-09-26T11:42:57","modified_gmt":"2025-09-26T09:42:57","slug":"el-huesitos-la-vila-inicia-la-division-de-honor-en-ordizia","status":"publish","type":"post","link":"https:\/\/serbenidorm.daliisolutions.com\/index.php\/2025\/09\/26\/el-huesitos-la-vila-inicia-la-division-de-honor-en-ordizia\/","title":{"rendered":"El Huesitos &#8211; La Vila inicia la Divisi\u00f3n de Honor en Ordizia"},"content":{"rendered":" <p>El Huesitos La Vila arranca este domingo 28 de septiembre una nueva temporada en la Divisi\u00f3n de Honor del rugby nacional. Los vileros debutar\u00e1n a las 16.00 h en el estadio de Altamira (Ordizia), uno de los campos m\u00e1s exigentes de la competici\u00f3n y en el que el club a\u00fan no ha logrado ganar en su historia.<\/p>  <p>Tras una pretemporada intensa, el equipo llega con buenas sensaciones. \u201cHemos trabajado bien y estamos con muchas ganas de empezar. Sabemos que ser\u00e1 duro, pero vamos con confianza\u201d, explic\u00f3 el entrenador Falu en los micr\u00f3fonos de SER Deportivos Marina Baixa.<\/p>  <p>El t\u00e9cnico destac\u00f3 el estilo de juego que buscan implantar esta temporada: posesi\u00f3n, volumen de bal\u00f3n y un rugby expansivo que haga da\u00f1o a los rivales. Una propuesta en la que la obtenci\u00f3n en mel\u00e9 y touch ser\u00e1 clave, junto con una defensa agresiva pero disciplinada.<\/p>  <p>Por su parte, Nano, entrenador de delanteros, subray\u00f3 la evoluci\u00f3n del pack durante estas semanas: \u201cLa cohesi\u00f3n entre los chicos crece cada d\u00eda. Queremos dar pelotas de calidad para desplegar ese juego expansivo que proponemos\u201d.<\/p>  <p>En el vestuario tambi\u00e9n se respira ilusi\u00f3n. H\u00e9ctor, uno de los fichajes de esta campa\u00f1a, debutar\u00e1 en Divisi\u00f3n de Honor con el conjunto vilero tras su experiencia en Francia. \u201cSiempre hay nervios en un estreno as\u00ed, pero el grupo est\u00e1 fuerte mentalmente y con muchas ganas de hacerlo bien\u201d, se\u00f1al\u00f3.<\/p>  <p>El equipo viajar\u00e1 el s\u00e1bado a Ordizia con el objetivo de competir desde el primer minuto y de intentar lograr una victoria que ser\u00eda hist\u00f3rica en Altamira.<\/p> ","protected":false},"excerpt":{"rendered":"<p>El equipo se encuentra con ilusi\u00f3n y ganas de firmar la primera victoria hist\u00f3rica en Altamira<\/p>\n","protected":false},"author":0,"featured_media":18717,"comment_status":"","ping_status":"open","sticky":false,"template":"","format":"standard","meta":{"_acf_changed":false,"footnotes":""},"categories":[16],"tags":[],"class_list":["post-18716","post","type-post","status-publish","format-standard","has-post-thumbnail","hentry","category-deportes"],"acf":{"ser_id":"E7CKGVWKQFBXLABVK5V34LAVZM","ser_url":"https:\/\/cadenaser.com\/comunitat-valenciana\/2025\/09\/26\/el-huesitos-la-vila-inicia-la-division-de-honor-en-ordizia-radio-benidorm\/"},"_links":{"self":[{"href":"https:\/\/serbenidorm.daliisolutions.com\/index.php\/wp-json\/wp\/v2\/posts\/18716","targetHints":{"allow":["GET"]}}],"collection":[{"href":"https:\/\/serbenidorm.daliisolutions.com\/index.php\/wp-json\/wp\/v2\/posts"}],"about":[{"href":"https:\/\/serbenidorm.daliisolutions.com\/index.php\/wp-json\/wp\/v2\/types\/post"}],"replies":[{"embeddable":true,"href":"https:\/\/serbenidorm.daliisolutions.com\/index.php\/wp-json\/wp\/v2\/comments?post=18716"}],"version-history":[{"count":0,"href":"https:\/\/serbenidorm.daliisolutions.com\/index.php\/wp-json\/wp\/v2\/posts\/18716\/revisions"}],"wp:featuredmedia":[{"embeddable":true,"href":"https:\/\/serbenidorm.daliisolutions.com\/index.php\/wp-json\/wp\/v2\/media\/18717"}],"wp:attachment":[{"href":"https:\/\/serbenidorm.daliisolutions.com\/index.php\/wp-json\/wp\/v2\/media?parent=18716"}],"wp:term":[{"taxonomy":"category","embeddable":true,"href":"https:\/\/serbenidorm.daliisolutions.com\/index.php\/wp-json\/wp\/v2\/categories?post=18716"},{"taxonomy":"post_tag","embeddable":true,"href":"https:\/\/serbenidorm.daliisolutions.com\/index.php\/wp-json\/wp\/v2\/tags?post=18716"}],"curies":[{"name":"wp","href":"https:\/\/api.w.org\/{rel}","templated":true}]}}