{"id":18729,"date":"2025-09-26T16:21:42","date_gmt":"2025-09-26T14:21:42","guid":{"rendered":"https:\/\/serbenidorm.daliisolutions.com\/index.php\/2025\/09\/26\/villajoyosa-crea-la-entidad-de-gestion-y-modernizacion-del-poligono-del-torres-primera-egm-de-la-marina-baixa\/"},"modified":"2025-09-26T16:21:42","modified_gmt":"2025-09-26T14:21:42","slug":"villajoyosa-crea-la-entidad-de-gestion-y-modernizacion-del-poligono-del-torres-primera-egm-de-la-marina-baixa","status":"publish","type":"post","link":"https:\/\/serbenidorm.daliisolutions.com\/index.php\/2025\/09\/26\/villajoyosa-crea-la-entidad-de-gestion-y-modernizacion-del-poligono-del-torres-primera-egm-de-la-marina-baixa\/","title":{"rendered":"Villajoyosa crea la Entidad de Gesti\u00f3n y Modernizaci\u00f3n del pol\u00edgono del Torres, primera EGM de la Marina Baixa"},"content":{"rendered":" <p>La Entidad de Gesti\u00f3n y Modernizaci\u00f3n (EGM) del Parc Empresarial del Torres de Villajoyosa ya es una realidad. Propietarios del tejido empresarial de esta \u00e1rea industrial ratificaron este jueves en asamblea la creaci\u00f3n de esta entidad que aglutina a las empresas de este pol\u00edgono. <\/p>  <p>La creaci\u00f3n de la EGM qued\u00f3 ratificada en dicha asamblea al superar ampliamente la doble mayor\u00eda cualificada exigida por la Ley 14\/2018 de la Generalitat Valenciana. En concreto, el 63,46 % de los titulares, que <a href=\"https:\/\/cadenaser.com\/tag\/benidorm\/a\/\" target=\"_blank\" rel=\"nofollow\" title=\"https:\/\/cadenaser.com\/tag\/benidorm\/a\/\">representan el 72,38 % del valor catastral del \u00e1rea industrial El Torres<\/a>, votaron a favor, garantizando as\u00ed la constituci\u00f3n formal de la entidad.<\/p>  <p>Con esta decisi\u00f3n El Torres se convierte en el primer pol\u00edgono de la Marina Baixa en contar con una EGM y el n\u00famero 47 de toda la Comunitat Valenciana. El Alcalde Marcos Zaragoza indic\u00f3 que \u201ccon esta asamblea se ha dado un paso decisivo hacia la creaci\u00f3n de la Entidad de Gesti\u00f3n y Modernizaci\u00f3n (EGM) del Parc Empresarial El Torres\u201d. <\/p>  <p>El Ayuntamiento impulsar\u00e1 ahora la inscripci\u00f3n en el Registro Auton\u00f3mico de EGMs y la puesta en marcha del Plan Director 2025\u20132027y del Plan Anual de Servicios, en coordinaci\u00f3n con las empresas.<\/p>  <p>Marcos Zaragoza apunt\u00f3 que \u201cpasamos de ser un simple pol\u00edgono a un \u00e1rea empresarial integrada con la ciudad. Arrancamos con m\u00e9todo, calendario y unas cuentas claras: menos prometer y m\u00e1s ejecutar\u201d. <\/p>  <p>En la misma l\u00ednea, la concejal de Industria, Rosa Llorca, destac\u00f3 que \u201cla EGM es una herramienta tangible\u201d y que \u201cpermitir\u00e1 profesionalizar la gesti\u00f3n del \u00e1rea y dotar al pol\u00edgono de una interlocuci\u00f3n directa y reconocida con las administraciones p\u00fablicas, lo que se traducir\u00e1 en m\u00e1s oportunidades de inversi\u00f3n y modernizaci\u00f3n\u201d.<\/p>  <p>Con su constituci\u00f3n, la EGM Parc Empresarial La Vila podr\u00e1 acceder a importantes beneficios y ventajas, entre las que destaca optar a ayudas p\u00fablicas espec\u00edficas, especialmente del IVACE, con importes significativamente superiores a los disponibles para \u00e1reas sin EGM y obtener mejoras en infraestructuras y servicios, como asfaltado, se\u00f1alizaci\u00f3n, iluminaci\u00f3n, seguridad y limpieza. <\/p> ","protected":false},"excerpt":{"rendered":"<p>La asamblea ratifica con el 63,46 % de los votos la EGM<\/p>\n","protected":false},"author":0,"featured_media":18730,"comment_status":"","ping_status":"open","sticky":false,"template":"","format":"standard","meta":{"_acf_changed":false,"footnotes":""},"categories":[1],"tags":[],"class_list":["post-18729","post","type-post","status-publish","format-standard","has-post-thumbnail","hentry","category-sin-categoria"],"acf":{"ser_id":"YWUDLDZTXFEKNKPPBC2BAJIUII","ser_url":"https:\/\/cadenaser.com\/comunitat-valenciana\/2025\/09\/26\/villajoyosa-crea-la-entidad-de-gestion-y-modernizacion-del-poligono-del-torres-primera-egm-de-la-marina-baixa-radio-benidorm\/"},"_links":{"self":[{"href":"https:\/\/serbenidorm.daliisolutions.com\/index.php\/wp-json\/wp\/v2\/posts\/18729","targetHints":{"allow":["GET"]}}],"collection":[{"href":"https:\/\/serbenidorm.daliisolutions.com\/index.php\/wp-json\/wp\/v2\/posts"}],"about":[{"href":"https:\/\/serbenidorm.daliisolutions.com\/index.php\/wp-json\/wp\/v2\/types\/post"}],"replies":[{"embeddable":true,"href":"https:\/\/serbenidorm.daliisolutions.com\/index.php\/wp-json\/wp\/v2\/comments?post=18729"}],"version-history":[{"count":0,"href":"https:\/\/serbenidorm.daliisolutions.com\/index.php\/wp-json\/wp\/v2\/posts\/18729\/revisions"}],"wp:featuredmedia":[{"embeddable":true,"href":"https:\/\/serbenidorm.daliisolutions.com\/index.php\/wp-json\/wp\/v2\/media\/18730"}],"wp:attachment":[{"href":"https:\/\/serbenidorm.daliisolutions.com\/index.php\/wp-json\/wp\/v2\/media?parent=18729"}],"wp:term":[{"taxonomy":"category","embeddable":true,"href":"https:\/\/serbenidorm.daliisolutions.com\/index.php\/wp-json\/wp\/v2\/categories?post=18729"},{"taxonomy":"post_tag","embeddable":true,"href":"https:\/\/serbenidorm.daliisolutions.com\/index.php\/wp-json\/wp\/v2\/tags?post=18729"}],"curies":[{"name":"wp","href":"https:\/\/api.w.org\/{rel}","templated":true}]}}